{"id":10739,"date":"2025-04-24T13:07:57","date_gmt":"2025-04-24T13:07:57","guid":{"rendered":"https:\/\/www.maxins.com\/?p=10739"},"modified":"2025-05-15T12:14:05","modified_gmt":"2025-05-15T12:14:05","slug":"pozvanka-na-event-hr-business-breakfast-jak-neztracet-lidi-ve-firme","status":"publish","type":"post","link":"https:\/\/www.maxins.com\/cs\/pozvanka-na-event-hr-business-breakfast-jak-neztracet-lidi-ve-firme\/","title":{"rendered":"POZV\u00c1NKA NA EVENT: HR Business Breakfast: Jak (ne)ztr\u00e1cet lidi ve firm\u011b?"},"content":{"rendered":"<p>V dne\u0161n\u00ed dob\u011b, kdy je udr\u017een\u00ed kvalitn\u00edch zam\u011bstnanc\u016f st\u00e1le v\u011bt\u0161\u00ed v\u00fdzvou, p\u0159ich\u00e1z\u00edme s praktick\u00fdm setk\u00e1n\u00edm ur\u010den\u00fdm v\u0161em, kdo cht\u011bj\u00ed zlep\u0161it sv\u00e9 HR procesy a firemn\u00ed kulturu.<\/p>\n<p class=\"\" data-start=\"501\" data-end=\"718\"><strong data-start=\"504\" data-end=\"540\">P\u0159ij\u010fte na HR Business Breakfast<\/strong>, kterou po\u0159\u00e1d\u00e1me spole\u010dn\u011b s Okresn\u00ed hospod\u00e1\u0159skou komorou Opava. \u010cek\u00e1 v\u00e1s dopoledne pln\u00e9 inspirace, sd\u00edlen\u00ed zku\u0161enost\u00ed, odborn\u00fdch pohled\u016f a skv\u011bl\u00e9 sn\u00eddan\u011b v neform\u00e1ln\u00ed atmosf\u00e9\u0159e.<\/p>\n<hr class=\"\" data-start=\"720\" data-end=\"723\" \/>\n<h3 class=\"\" data-start=\"725\" data-end=\"744\"><span style=\"color: #d8ab65;\">\u00a0Co v\u00e1s \u010dek\u00e1?<\/span><\/h3>\n<ul>\n<li data-start=\"747\" data-end=\"812\"><strong data-start=\"747\" data-end=\"784\">Jak si udr\u017eet kl\u00ed\u010dov\u00e9 zam\u011bstnance<\/strong> d\u00edky chytr\u00e9mu onboardingu<\/li>\n<li data-start=\"815\" data-end=\"860\"><strong data-start=\"815\" data-end=\"838\">Jak zvl\u00e1dat odchody<\/strong> bez ztr\u00e1ty know-how<\/li>\n<li data-start=\"863\" data-end=\"924\"><strong data-start=\"863\" data-end=\"894\">Jak budovat firemn\u00ed kulturu<\/strong>, kter\u00e1 p\u0159itahuje a nepou\u0161t\u00ed<\/li>\n<li data-start=\"927\" data-end=\"1007\"><strong data-start=\"927\" data-end=\"951\">Sm\u011brnice EU 2023\/970<\/strong> o transparentnosti odm\u011b\u0148ov\u00e1n\u00ed \u2013 co to znamen\u00e1 v praxi<\/li>\n<li data-start=\"1010\" data-end=\"1063\">Diskuse s odborn\u00edky z oblasti HR a pracovn\u00edho pr\u00e1va<\/li>\n<li data-start=\"1066\" data-end=\"1117\">Networking se sn\u00eddan\u00ed v kreativn\u00edch prostor\u00e1ch KUPE<\/li>\n<\/ul>\n<h3 class=\"\" data-start=\"1124\" data-end=\"1151\"><span style=\"color: #d8ab65;\">\u00a0Praktick\u00e9 informace:<\/span><\/h3>\n<ul>\n<li data-start=\"1154\" data-end=\"1185\">\ud83d\udcc5 <strong data-start=\"1157\" data-end=\"1167\">Datum:<\/strong> 14. kv\u011btna 2025<\/li>\n<li data-start=\"1188\" data-end=\"1239\">\ud83d\udd58 <strong data-start=\"1191\" data-end=\"1199\">\u010cas:<\/strong> 09:30\u201312:30 (doporu\u010den\u00fd p\u0159\u00edchod 9:15)<\/li>\n<li data-start=\"1242\" data-end=\"1291\">\ud83d\udccd <strong data-start=\"1245\" data-end=\"1255\">M\u00edsto:<\/strong> KUPE, Jansk\u00e1 7, Opava \u2013 P\u0159edm\u011bst\u00ed<\/li>\n<li data-start=\"1294\" data-end=\"1361\">\ud83d\ude97 <strong data-start=\"1297\" data-end=\"1311\">Parkov\u00e1n\u00ed:<\/strong> doporu\u010dujeme parkovac\u00ed d\u016fm na Skladi\u0161tn\u00ed 3057\/2<\/li>\n<li data-start=\"1364\" data-end=\"1443\">\ud83d\udcb0 <strong data-start=\"1367\" data-end=\"1376\">Cena:<\/strong> zdarma pro \u010dleny OHK Opava \/ 800 K\u010d pro ne\u010dleny (v\u010detn\u011b sn\u00eddan\u011b)<\/li>\n<li data-start=\"1446\" data-end=\"1502\"><a href=\"https:\/\/komoraopava.cz\/kalendar-akce\/hr-business-breakfast-jak-ne-ztracet-lidi-ve-firme\/\">\ud83d\udce9 <strong data-start=\"1449\" data-end=\"1502\">Kapacita je omezen\u00e1 \u2013 registrujte se co nejd\u0159\u00edve!<\/strong><\/a><\/li>\n<\/ul>\n<p class=\"\" data-start=\"1509\" data-end=\"1613\"><span style=\"color: #d8ab65;\"><strong data-start=\"1512\" data-end=\"1533\">Spoluorganiz\u00e1tor:<\/strong><\/span> MAXIN\u2019S People Czech \u2013 partner inovac\u00ed v oblasti HR a person\u00e1ln\u00edho poradenstv\u00ed.<\/p>\n<p class=\"\" data-start=\"1620\" data-end=\"1727\">Pokud v\u00e1s zaj\u00edm\u00e1, <strong data-start=\"1641\" data-end=\"1692\">jak p\u0159itahovat, rozv\u00edjet a udr\u017eet lidi ve firm\u011b<\/strong>, tohle dopoledne si nenechte uj\u00edt!<\/p>\n<p class=\"\" data-start=\"1729\" data-end=\"1798\"><span style=\"color: #d8ab65;\"><strong data-start=\"1732\" data-end=\"1757\">Zaregistrujte se <a style=\"color: #d8ab65;\" href=\"https:\/\/komoraopava.cz\/kalendar-akce\/hr-business-breakfast-jak-ne-ztracet-lidi-ve-firme\/\">ZDE<\/a><\/strong><\/span><\/p>\n<p class=\"\" data-start=\"1800\" data-end=\"1856\">T\u011b\u0161\u00edme se na v\u00e1s!<br data-start=\"1817\" data-end=\"1820\" \/>T\u00fdm OHK Opava &amp; MAXIN\u2019S People Czech<\/p>\n<p data-start=\"1800\" data-end=\"1856\"><a href=\"https:\/\/komoraopava.cz\/kalendar-akce\/hr-business-breakfast-jak-ne-ztracet-lidi-ve-firme\/\">REGISTROVAT<\/a><\/p>\n<p data-start=\"1800\" data-end=\"1856\">\n","protected":false},"excerpt":{"rendered":"<p>\ud83d\udccd KUPE, Opava | \ud83d\uddd3 St\u0159eda 14. kv\u011btna 2025 | \ud83d\udd64 9:30\u201312:30<\/p>\n","protected":false},"author":8,"featured_media":10741,"comment_status":"closed","ping_status":"closed","sticky":false,"template":"","format":"standard","meta":{"_acf_changed":false,"footnotes":""},"categories":[63],"tags":[],"class_list":["post-10739","post","type-post","status-publish","format-standard","has-post-thumbnail","hentry","category-maxins-novinky"],"acf":[],"yoast_head":"<!-- This site is optimized with the Yoast SEO plugin v25.3.1 - https:\/\/yoast.com\/wordpress\/plugins\/seo\/ -->\n<title>POZV\u00c1NKA NA EVENT: HR Business Breakfast: Jak (ne)ztr\u00e1cet lidi ve firm\u011b? - MAXIN\u2019S<\/title>\n<meta name=\"description\" content=\"Udr\u017een\u00ed kvalitn\u00edch zam\u011bstnanc\u016f st\u00e1le v\u011bt\u0161\u00ed v\u00fdzvou, p\u0159ich\u00e1z\u00edme s praktick\u00fdm setk\u00e1n\u00edm ur\u010den\u00fdm v\u0161em, kdo cht\u011bj\u00ed zlep\u0161it sv\u00e9 HR procesy a firemn\u00ed kulturu.\" \/>\n<meta name=\"robots\" content=\"index, follow, max-snippet:-1, max-image-preview:large, max-video-preview:-1\" \/>\n<link rel=\"canonical\" href=\"https:\/\/www.maxins.com\/cs\/pozvanka-na-event-hr-business-breakfast-jak-neztracet-lidi-ve-firme\/\" \/>\n<meta property=\"og:locale\" content=\"cs_CZ\" \/>\n<meta property=\"og:type\" content=\"article\" \/>\n<meta property=\"og:title\" content=\"POZV\u00c1NKA NA EVENT: HR Business Breakfast: Jak (ne)ztr\u00e1cet lidi ve firm\u011b?\" \/>\n<meta property=\"og:description\" content=\"Udr\u017een\u00ed kvalitn\u00edch zam\u011bstnanc\u016f st\u00e1le v\u011bt\u0161\u00ed v\u00fdzvou, p\u0159ich\u00e1z\u00edme s praktick\u00fdm setk\u00e1n\u00edm ur\u010den\u00fdm v\u0161em, kdo cht\u011bj\u00ed zlep\u0161it sv\u00e9 HR procesy a firemn\u00ed kulturu.\" \/>\n<meta property=\"og:url\" content=\"https:\/\/www.maxins.com\/cs\/pozvanka-na-event-hr-business-breakfast-jak-neztracet-lidi-ve-firme\/\" \/>\n<meta property=\"og:site_name\" content=\"MAXIN\u2019S\" \/>\n<meta property=\"article:published_time\" content=\"2025-04-24T13:07:57+00:00\" \/>\n<meta property=\"article:modified_time\" content=\"2025-05-15T12:14:05+00:00\" \/>\n<meta property=\"og:image\" content=\"https:\/\/www.maxins.com\/wp-content\/uploads\/2025\/04\/business-breakfast.jpg\" \/>\n\t<meta property=\"og:image:width\" content=\"2000\" \/>\n\t<meta property=\"og:image:height\" content=\"1121\" \/>\n\t<meta property=\"og:image:type\" content=\"image\/jpeg\" \/>\n<meta name=\"author\" content=\"Dominika Ceklovska\" \/>\n<meta name=\"twitter:card\" content=\"summary_large_image\" \/>\n<meta name=\"twitter:label1\" content=\"Napsal(a)\" \/>\n\t<meta name=\"twitter:data1\" content=\"Dominika Ceklovska\" \/>\n\t<meta name=\"twitter:label2\" content=\"Odhadovan\u00e1 doba \u010dten\u00ed\" \/>\n\t<meta name=\"twitter:data2\" content=\"2 minuty\" \/>\n<script type=\"application\/ld+json\" class=\"yoast-schema-graph\">{\"@context\":\"https:\/\/schema.org\",\"@graph\":[{\"@type\":\"WebPage\",\"@id\":\"https:\/\/www.maxins.com\/cs\/pozvanka-na-event-hr-business-breakfast-jak-neztracet-lidi-ve-firme\/\",\"url\":\"https:\/\/www.maxins.com\/cs\/pozvanka-na-event-hr-business-breakfast-jak-neztracet-lidi-ve-firme\/\",\"name\":\"POZV\u00c1NKA NA EVENT: HR Business Breakfast: Jak (ne)ztr\u00e1cet lidi ve firm\u011b? - MAXIN\u2019S\",\"isPartOf\":{\"@id\":\"https:\/\/www.maxins.com\/#website\"},\"primaryImageOfPage\":{\"@id\":\"https:\/\/www.maxins.com\/cs\/pozvanka-na-event-hr-business-breakfast-jak-neztracet-lidi-ve-firme\/#primaryimage\"},\"image\":{\"@id\":\"https:\/\/www.maxins.com\/cs\/pozvanka-na-event-hr-business-breakfast-jak-neztracet-lidi-ve-firme\/#primaryimage\"},\"thumbnailUrl\":\"https:\/\/www.maxins.com\/wp-content\/uploads\/2025\/04\/business-breakfast.jpg\",\"datePublished\":\"2025-04-24T13:07:57+00:00\",\"dateModified\":\"2025-05-15T12:14:05+00:00\",\"author\":{\"@id\":\"https:\/\/www.maxins.com\/#\/schema\/person\/2921a7b9af029f59a21e5b66a8425a18\"},\"description\":\"Udr\u017een\u00ed kvalitn\u00edch zam\u011bstnanc\u016f st\u00e1le v\u011bt\u0161\u00ed v\u00fdzvou, p\u0159ich\u00e1z\u00edme s praktick\u00fdm setk\u00e1n\u00edm ur\u010den\u00fdm v\u0161em, kdo cht\u011bj\u00ed zlep\u0161it sv\u00e9 HR procesy a firemn\u00ed kulturu.\",\"breadcrumb\":{\"@id\":\"https:\/\/www.maxins.com\/cs\/pozvanka-na-event-hr-business-breakfast-jak-neztracet-lidi-ve-firme\/#breadcrumb\"},\"inLanguage\":\"cs\",\"potentialAction\":[{\"@type\":\"ReadAction\",\"target\":[\"https:\/\/www.maxins.com\/cs\/pozvanka-na-event-hr-business-breakfast-jak-neztracet-lidi-ve-firme\/\"]}]},{\"@type\":\"ImageObject\",\"inLanguage\":\"cs\",\"@id\":\"https:\/\/www.maxins.com\/cs\/pozvanka-na-event-hr-business-breakfast-jak-neztracet-lidi-ve-firme\/#primaryimage\",\"url\":\"https:\/\/www.maxins.com\/wp-content\/uploads\/2025\/04\/business-breakfast.jpg\",\"contentUrl\":\"https:\/\/www.maxins.com\/wp-content\/uploads\/2025\/04\/business-breakfast.jpg\",\"width\":2000,\"height\":1121,\"caption\":\"HR business breakfast\"},{\"@type\":\"BreadcrumbList\",\"@id\":\"https:\/\/www.maxins.com\/cs\/pozvanka-na-event-hr-business-breakfast-jak-neztracet-lidi-ve-firme\/#breadcrumb\",\"itemListElement\":[{\"@type\":\"ListItem\",\"position\":1,\"name\":\"Domovsk\u00e1 str\u00e1nka\",\"item\":\"https:\/\/www.maxins.com\/cs\/uvod\/\"},{\"@type\":\"ListItem\",\"position\":2,\"name\":\"POZV\u00c1NKA NA EVENT: HR Business Breakfast: Jak (ne)ztr\u00e1cet lidi ve firm\u011b?\"}]},{\"@type\":\"WebSite\",\"@id\":\"https:\/\/www.maxins.com\/#website\",\"url\":\"https:\/\/www.maxins.com\/\",\"name\":\"MAXIN\u2019S\",\"description\":\"\",\"potentialAction\":[{\"@type\":\"SearchAction\",\"target\":{\"@type\":\"EntryPoint\",\"urlTemplate\":\"https:\/\/www.maxins.com\/?s={search_term_string}\"},\"query-input\":{\"@type\":\"PropertyValueSpecification\",\"valueRequired\":true,\"valueName\":\"search_term_string\"}}],\"inLanguage\":\"cs\"},{\"@type\":\"Person\",\"@id\":\"https:\/\/www.maxins.com\/#\/schema\/person\/2921a7b9af029f59a21e5b66a8425a18\",\"name\":\"Dominika Ceklovska\",\"image\":{\"@type\":\"ImageObject\",\"inLanguage\":\"cs\",\"@id\":\"https:\/\/www.maxins.com\/#\/schema\/person\/image\/\",\"url\":\"https:\/\/secure.gravatar.com\/avatar\/242aeef22685783141b91a4aa2c2865b86a4a82313a09b29d7adceeb2c57d42a?s=96&d=mm&r=g\",\"contentUrl\":\"https:\/\/secure.gravatar.com\/avatar\/242aeef22685783141b91a4aa2c2865b86a4a82313a09b29d7adceeb2c57d42a?s=96&d=mm&r=g\",\"caption\":\"Dominika Ceklovska\"},\"url\":\"https:\/\/www.maxins.com\/cs\/author\/dominika-ceklovska\/\"}]}<\/script>\n<!-- \/ Yoast SEO plugin. -->","yoast_head_json":{"title":"POZV\u00c1NKA NA EVENT: HR Business Breakfast: Jak (ne)ztr\u00e1cet lidi ve firm\u011b? - MAXIN\u2019S","description":"Udr\u017een\u00ed kvalitn\u00edch zam\u011bstnanc\u016f st\u00e1le v\u011bt\u0161\u00ed v\u00fdzvou, p\u0159ich\u00e1z\u00edme s praktick\u00fdm setk\u00e1n\u00edm ur\u010den\u00fdm v\u0161em, kdo cht\u011bj\u00ed zlep\u0161it sv\u00e9 HR procesy a firemn\u00ed kulturu.","robots":{"index":"index","follow":"follow","max-snippet":"max-snippet:-1","max-image-preview":"max-image-preview:large","max-video-preview":"max-video-preview:-1"},"canonical":"https:\/\/www.maxins.com\/cs\/pozvanka-na-event-hr-business-breakfast-jak-neztracet-lidi-ve-firme\/","og_locale":"cs_CZ","og_type":"article","og_title":"POZV\u00c1NKA NA EVENT: HR Business Breakfast: Jak (ne)ztr\u00e1cet lidi ve firm\u011b?","og_description":"Udr\u017een\u00ed kvalitn\u00edch zam\u011bstnanc\u016f st\u00e1le v\u011bt\u0161\u00ed v\u00fdzvou, p\u0159ich\u00e1z\u00edme s praktick\u00fdm setk\u00e1n\u00edm ur\u010den\u00fdm v\u0161em, kdo cht\u011bj\u00ed zlep\u0161it sv\u00e9 HR procesy a firemn\u00ed kulturu.","og_url":"https:\/\/www.maxins.com\/cs\/pozvanka-na-event-hr-business-breakfast-jak-neztracet-lidi-ve-firme\/","og_site_name":"MAXIN\u2019S","article_published_time":"2025-04-24T13:07:57+00:00","article_modified_time":"2025-05-15T12:14:05+00:00","og_image":[{"width":2000,"height":1121,"url":"https:\/\/www.maxins.com\/wp-content\/uploads\/2025\/04\/business-breakfast.jpg","type":"image\/jpeg"}],"author":"Dominika Ceklovska","twitter_card":"summary_large_image","twitter_misc":{"Napsal(a)":"Dominika Ceklovska","Odhadovan\u00e1 doba \u010dten\u00ed":"2 minuty"},"schema":{"@context":"https:\/\/schema.org","@graph":[{"@type":"WebPage","@id":"https:\/\/www.maxins.com\/cs\/pozvanka-na-event-hr-business-breakfast-jak-neztracet-lidi-ve-firme\/","url":"https:\/\/www.maxins.com\/cs\/pozvanka-na-event-hr-business-breakfast-jak-neztracet-lidi-ve-firme\/","name":"POZV\u00c1NKA NA EVENT: HR Business Breakfast: Jak (ne)ztr\u00e1cet lidi ve firm\u011b? - MAXIN\u2019S","isPartOf":{"@id":"https:\/\/www.maxins.com\/#website"},"primaryImageOfPage":{"@id":"https:\/\/www.maxins.com\/cs\/pozvanka-na-event-hr-business-breakfast-jak-neztracet-lidi-ve-firme\/#primaryimage"},"image":{"@id":"https:\/\/www.maxins.com\/cs\/pozvanka-na-event-hr-business-breakfast-jak-neztracet-lidi-ve-firme\/#primaryimage"},"thumbnailUrl":"https:\/\/www.maxins.com\/wp-content\/uploads\/2025\/04\/business-breakfast.jpg","datePublished":"2025-04-24T13:07:57+00:00","dateModified":"2025-05-15T12:14:05+00:00","author":{"@id":"https:\/\/www.maxins.com\/#\/schema\/person\/2921a7b9af029f59a21e5b66a8425a18"},"description":"Udr\u017een\u00ed kvalitn\u00edch zam\u011bstnanc\u016f st\u00e1le v\u011bt\u0161\u00ed v\u00fdzvou, p\u0159ich\u00e1z\u00edme s praktick\u00fdm setk\u00e1n\u00edm ur\u010den\u00fdm v\u0161em, kdo cht\u011bj\u00ed zlep\u0161it sv\u00e9 HR procesy a firemn\u00ed kulturu.","breadcrumb":{"@id":"https:\/\/www.maxins.com\/cs\/pozvanka-na-event-hr-business-breakfast-jak-neztracet-lidi-ve-firme\/#breadcrumb"},"inLanguage":"cs","potentialAction":[{"@type":"ReadAction","target":["https:\/\/www.maxins.com\/cs\/pozvanka-na-event-hr-business-breakfast-jak-neztracet-lidi-ve-firme\/"]}]},{"@type":"ImageObject","inLanguage":"cs","@id":"https:\/\/www.maxins.com\/cs\/pozvanka-na-event-hr-business-breakfast-jak-neztracet-lidi-ve-firme\/#primaryimage","url":"https:\/\/www.maxins.com\/wp-content\/uploads\/2025\/04\/business-breakfast.jpg","contentUrl":"https:\/\/www.maxins.com\/wp-content\/uploads\/2025\/04\/business-breakfast.jpg","width":2000,"height":1121,"caption":"HR business breakfast"},{"@type":"BreadcrumbList","@id":"https:\/\/www.maxins.com\/cs\/pozvanka-na-event-hr-business-breakfast-jak-neztracet-lidi-ve-firme\/#breadcrumb","itemListElement":[{"@type":"ListItem","position":1,"name":"Domovsk\u00e1 str\u00e1nka","item":"https:\/\/www.maxins.com\/cs\/uvod\/"},{"@type":"ListItem","position":2,"name":"POZV\u00c1NKA NA EVENT: HR Business Breakfast: Jak (ne)ztr\u00e1cet lidi ve firm\u011b?"}]},{"@type":"WebSite","@id":"https:\/\/www.maxins.com\/#website","url":"https:\/\/www.maxins.com\/","name":"MAXIN\u2019S","description":"","potentialAction":[{"@type":"SearchAction","target":{"@type":"EntryPoint","urlTemplate":"https:\/\/www.maxins.com\/?s={search_term_string}"},"query-input":{"@type":"PropertyValueSpecification","valueRequired":true,"valueName":"search_term_string"}}],"inLanguage":"cs"},{"@type":"Person","@id":"https:\/\/www.maxins.com\/#\/schema\/person\/2921a7b9af029f59a21e5b66a8425a18","name":"Dominika Ceklovska","image":{"@type":"ImageObject","inLanguage":"cs","@id":"https:\/\/www.maxins.com\/#\/schema\/person\/image\/","url":"https:\/\/secure.gravatar.com\/avatar\/242aeef22685783141b91a4aa2c2865b86a4a82313a09b29d7adceeb2c57d42a?s=96&d=mm&r=g","contentUrl":"https:\/\/secure.gravatar.com\/avatar\/242aeef22685783141b91a4aa2c2865b86a4a82313a09b29d7adceeb2c57d42a?s=96&d=mm&r=g","caption":"Dominika Ceklovska"},"url":"https:\/\/www.maxins.com\/cs\/author\/dominika-ceklovska\/"}]}},"_links":{"self":[{"href":"https:\/\/www.maxins.com\/cs\/wp-json\/wp\/v2\/posts\/10739","targetHints":{"allow":["GET"]}}],"collection":[{"href":"https:\/\/www.maxins.com\/cs\/wp-json\/wp\/v2\/posts"}],"about":[{"href":"https:\/\/www.maxins.com\/cs\/wp-json\/wp\/v2\/types\/post"}],"author":[{"embeddable":true,"href":"https:\/\/www.maxins.com\/cs\/wp-json\/wp\/v2\/users\/8"}],"replies":[{"embeddable":true,"href":"https:\/\/www.maxins.com\/cs\/wp-json\/wp\/v2\/comments?post=10739"}],"version-history":[{"count":7,"href":"https:\/\/www.maxins.com\/cs\/wp-json\/wp\/v2\/posts\/10739\/revisions"}],"predecessor-version":[{"id":10757,"href":"https:\/\/www.maxins.com\/cs\/wp-json\/wp\/v2\/posts\/10739\/revisions\/10757"}],"wp:featuredmedia":[{"embeddable":true,"href":"https:\/\/www.maxins.com\/cs\/wp-json\/wp\/v2\/media\/10741"}],"wp:attachment":[{"href":"https:\/\/www.maxins.com\/cs\/wp-json\/wp\/v2\/media?parent=10739"}],"wp:term":[{"taxonomy":"category","embeddable":true,"href":"https:\/\/www.maxins.com\/cs\/wp-json\/wp\/v2\/categories?post=10739"},{"taxonomy":"post_tag","embeddable":true,"href":"https:\/\/www.maxins.com\/cs\/wp-json\/wp\/v2\/tags?post=10739"}],"curies":[{"name":"wp","href":"https:\/\/api.w.org\/{rel}","templated":true}]}}