{"id":11497,"date":"2025-09-19T13:23:52","date_gmt":"2025-09-19T13:23:52","guid":{"rendered":"https:\/\/www.maxins.com\/?p=11497"},"modified":"2025-09-19T14:12:23","modified_gmt":"2025-09-19T14:12:23","slug":"filipinsti-pracovnici-v-maxins-nove-posily-pro-cesky-a-slovensky-trh","status":"publish","type":"post","link":"https:\/\/www.maxins.com\/cs\/filipinsti-pracovnici-v-maxins-nove-posily-pro-cesky-a-slovensky-trh\/","title":{"rendered":"Filip\u00edn\u0161t\u00ed pracovn\u00edci v MAXIN\u2019S \u2013 nov\u00e9 posily pro \u010desk\u00fd a slovensk\u00fd trh"},"content":{"rendered":"<p data-start=\"36\" data-end=\"88\"><strong data-start=\"36\" data-end=\"86\">\u00dasp\u011b\u0161n\u00fd start: 23 Filip\u00ednc\u016f u\u017e pracuje v \u010cesku<\/strong><\/p>\n<p data-start=\"90\" data-end=\"411\">U\u017e dnes p\u016fsob\u00ed u na\u0161eho klienta <em data-start=\"122\" data-end=\"154\">\u201eHorsk\u00fd resort \u2013 Doln\u00ed Morava\u201c<\/em> 23 nov\u00fdch zam\u011bstnanc\u016f z Filip\u00edn, kte\u0159\u00ed se rychle a bez probl\u00e9m\u016f za\u010dlenili do t\u00fdm\u016f. P\u0159in\u00e1\u0161ej\u00ed s sebou nejen pracovn\u00ed zku\u0161enosti, ale tak\u00e9 pozitivn\u00ed energii, vysok\u00e9 nasazen\u00ed a spolehlivost, kter\u00e9 oce\u0148uj\u00ed nejen kolegov\u00e9, ale i mana\u017ee\u0159i jednotliv\u00fdch provoz\u016f.<\/p>\n<p data-start=\"413\" data-end=\"464\"><strong data-start=\"413\" data-end=\"462\">O\u010dek\u00e1v\u00e1n\u00ed do konce roku: celkem 50 pracovn\u00edk\u016f<\/strong><\/p>\n<p data-start=\"466\" data-end=\"661\">Do konce roku k nim p\u0159ibudou dal\u0161\u00ed nov\u00ed kolegov\u00e9 a celkov\u00fd po\u010det tak dos\u00e1hne 50 zam\u011bstnanc\u016f z Filip\u00edn. U\u017e te\u010f se na jejich p\u0159\u00edchod t\u011b\u0161\u00edme a p\u0159ipravujeme se na jejich adaptaci v nov\u00e9m prost\u0159ed\u00ed.<\/p>\n<p data-start=\"663\" data-end=\"690\"><img loading=\"lazy\" decoding=\"async\" width=\"1024\" height=\"768\" class=\"alignnone size-large wp-image-11481\" title=\"filipinci-cz-2\" src=\"https:\/\/www.maxins.com\/wp-content\/uploads\/2025\/09\/filipinci-cz-2-1024x768.jpg\" alt=\"\" srcset=\"https:\/\/www.maxins.com\/wp-content\/uploads\/2025\/09\/filipinci-cz-2-1024x768.jpg 1024w, https:\/\/www.maxins.com\/wp-content\/uploads\/2025\/09\/filipinci-cz-2-300x225.jpg 300w, https:\/\/www.maxins.com\/wp-content\/uploads\/2025\/09\/filipinci-cz-2-768x576.jpg 768w, https:\/\/www.maxins.com\/wp-content\/uploads\/2025\/09\/filipinci-cz-2-1536x1152.jpg 1536w, https:\/\/www.maxins.com\/wp-content\/uploads\/2025\/09\/filipinci-cz-2-480x360.jpg 480w, https:\/\/www.maxins.com\/wp-content\/uploads\/2025\/09\/filipinci-cz-2-992x744.jpg 992w, https:\/\/www.maxins.com\/wp-content\/uploads\/2025\/09\/filipinci-cz-2-1200x900.jpg 1200w, https:\/\/www.maxins.com\/wp-content\/uploads\/2025\/09\/filipinci-cz-2.jpg 1600w\" sizes=\"auto, (max-width: 1024px) 100vw, 1024px\" \/><\/p>\n<p data-start=\"663\" data-end=\"690\"><strong data-start=\"663\" data-end=\"688\">Pro\u010d pr\u00e1v\u011b Filip\u00ednci?<\/strong><\/p>\n<p data-start=\"692\" data-end=\"754\">Na\u0161i klienti si na nov\u00fdch kolez\u00edch z Filip\u00edn cen\u00ed p\u0159edev\u0161\u00edm:<\/p>\n<ul>\n<li data-start=\"758\" data-end=\"795\">vysokou pracovitost a spolehlivost,<\/li>\n<li data-start=\"798\" data-end=\"826\">dobrou znalost angli\u010dtiny,<\/li>\n<li data-start=\"829\" data-end=\"857\">rychlou adaptaci v t\u00fdmech,<\/li>\n<li data-start=\"860\" data-end=\"890\">pozitivn\u00ed p\u0159\u00edstup a energii,<\/li>\n<li data-start=\"893\" data-end=\"934\">zku\u0161enosti z praxe v r\u016fzn\u00fdch odv\u011btv\u00edch.<\/li>\n<\/ul>\n<p data-start=\"936\" data-end=\"974\"><strong data-start=\"936\" data-end=\"972\">Kde nach\u00e1zej\u00ed nejlep\u0161\u00ed uplatn\u011bn\u00ed<\/strong><\/p>\n<p data-start=\"976\" data-end=\"1030\">Filip\u00edn\u0161t\u00ed pracovn\u00edci se osv\u011bd\u010dili v sektorech jako:<\/p>\n<ul>\n<li data-start=\"1034\" data-end=\"1093\">gastronomie \u2013 \u010d\u00ed\u0161n\u00edci, pomocn\u00ed kucha\u0159i, kuchy\u0148sk\u00fd servis,<\/li>\n<li data-start=\"1096\" data-end=\"1153\">slu\u017eby \u2013 spr\u00e1vci objekt\u016f, hotelov\u00fd a resortn\u00ed person\u00e1l,<\/li>\n<li data-start=\"1156\" data-end=\"1212\">v\u00fdroba a logistika \u2013 oper\u00e1torsk\u00e9 a manipula\u010dn\u00ed pozice.<\/li>\n<\/ul>\n<p data-start=\"1214\" data-end=\"1259\"><strong data-start=\"1214\" data-end=\"1257\">\u0158e\u0161en\u00ed pro firmy v \u010cesku a na Slovensku<\/strong><\/p>\n<p data-start=\"1261\" data-end=\"1424\">Nedostatek pracovn\u00ed s\u00edly je dnes realitou v mnoha odv\u011btv\u00edch. Firmy hledaj\u00ed kvalifikovan\u00e9 a spolehliv\u00e9 zam\u011bstnance, ale \u010dasto je nedok\u00e1\u017eou naj\u00edt na lok\u00e1ln\u00edm trhu.<\/p>\n<p data-start=\"1426\" data-end=\"1643\">Pr\u00e1v\u011b zde vstupujeme do procesu my. <strong data-start=\"1462\" data-end=\"1473\">MAXIN\u2019S<\/strong> m\u00e1 zku\u0161enosti s mezin\u00e1rodn\u00edm n\u00e1borem pracovn\u00edk\u016f z r\u016fzn\u00fdch zem\u00ed sv\u011bta. Zajist\u00edme kompletn\u00ed proces \u2013 od v\u00fdb\u011bru kandid\u00e1t\u016f a\u017e po jejich p\u0159\u00edchod a adaptaci p\u0159\u00edmo u klienta.<\/p>\n<p data-start=\"1645\" data-end=\"1731\">\ud83d\udce9 <strong data-start=\"1648\" data-end=\"1667\">Zaj\u00edm\u00e1 v\u00e1s v\u00edc?<\/strong><br data-start=\"1667\" data-end=\"1670\" \/>Kontaktujte n\u00e1s a spole\u010dn\u011b najdeme \u0159e\u0161en\u00ed i pro va\u0161i firmu.<\/p>\n<p data-start=\"1733\" data-end=\"1776\">\ud83d\udc49 <strong data-start=\"1736\" data-end=\"1774\"><a class=\"decorated-link cursor-pointer\" rel=\"noopener\" data-start=\"1738\" data-end=\"1755\">marianlukac@maxins.sk<\/a> | <a class=\"decorated-link\" href=\"http:\/\/www.maxins.com\" target=\"_new\" rel=\"noopener\" data-start=\"1758\" data-end=\"1772\">www.maxins.com<\/a><\/strong><\/p>\n","protected":false},"excerpt":{"rendered":"<p>V MAXIN\u2019S u\u017e dlouhodob\u011b pom\u00e1h\u00e1me firm\u00e1m \u0159e\u0161it nedostatek kvalifikovan\u00e9 pracovn\u00ed s\u00edly. Nejnov\u011bji se n\u00e1m da\u0159\u00ed roz\u0161i\u0159ovat n\u00e1bor i mimo Evropu \u2013 v posledn\u00edch m\u011bs\u00edc\u00edch jsme p\u0159iv\u00edtali prvn\u00ed skupiny zam\u011bstnanc\u016f z Filip\u00edn, kte\u0159\u00ed u\u017e p\u016fsob\u00ed u na\u0161ich klient\u016f v \u010cesku a na Slovensku.<\/p>\n","protected":false},"author":4,"featured_media":11471,"comment_status":"closed","ping_status":"closed","sticky":false,"template":"","format":"standard","meta":{"_acf_changed":false,"footnotes":""},"categories":[65],"tags":[],"class_list":["post-11497","post","type-post","status-publish","format-standard","has-post-thumbnail","hentry","category-docasne-zamestnavani"],"acf":[],"yoast_head":"<!-- This site is optimized with the Yoast SEO plugin v25.3.1 - https:\/\/yoast.com\/wordpress\/plugins\/seo\/ -->\n<title>Filip\u00edn\u0161t\u00ed pracovn\u00edci v MAXIN\u2019S \u2013 nov\u00e9 posily pro \u010desk\u00fd a slovensk\u00fd trh - MAXIN\u2019S<\/title>\n<meta name=\"description\" content=\"Roz\u0161i\u0159ujeme mezin\u00e1rodn\u00ed n\u00e1bor \u2013 do t\u00fdm\u016f na\u0161ich klient\u016f v \u010cesku a na Slovensku p\u0159ibyli prvn\u00ed zam\u011bstnanci z Filip\u00edn.\" \/>\n<meta name=\"robots\" content=\"index, follow, max-snippet:-1, max-image-preview:large, max-video-preview:-1\" \/>\n<link rel=\"canonical\" href=\"https:\/\/www.maxins.com\/cs\/filipinsti-pracovnici-v-maxins-nove-posily-pro-cesky-a-slovensky-trh\/\" \/>\n<meta property=\"og:locale\" content=\"cs_CZ\" \/>\n<meta property=\"og:type\" content=\"article\" \/>\n<meta property=\"og:title\" content=\"Filip\u00edn\u0161t\u00ed pracovn\u00edci v MAXIN\u2019S \u2013 nov\u00e9 posily pro \u010desk\u00fd a slovensk\u00fd trh\" \/>\n<meta property=\"og:description\" content=\"Roz\u0161i\u0159ujeme mezin\u00e1rodn\u00ed n\u00e1bor \u2013 do t\u00fdm\u016f na\u0161ich klient\u016f v \u010cesku a na Slovensku p\u0159ibyli prvn\u00ed zam\u011bstnanci z Filip\u00edn.\" \/>\n<meta property=\"og:url\" content=\"https:\/\/www.maxins.com\/cs\/filipinsti-pracovnici-v-maxins-nove-posily-pro-cesky-a-slovensky-trh\/\" \/>\n<meta property=\"og:site_name\" content=\"MAXIN\u2019S\" \/>\n<meta property=\"article:published_time\" content=\"2025-09-19T13:23:52+00:00\" \/>\n<meta property=\"article:modified_time\" content=\"2025-09-19T14:12:23+00:00\" \/>\n<meta property=\"og:image\" content=\"https:\/\/www.maxins.com\/wp-content\/uploads\/2025\/09\/Filipinsti-pracovnici-v-MAXINS-\u2013-nove-posily-pro-cesky-a-slovensky-trh.png\" \/>\n\t<meta property=\"og:image:width\" content=\"1200\" \/>\n\t<meta property=\"og:image:height\" content=\"630\" \/>\n\t<meta property=\"og:image:type\" content=\"image\/png\" \/>\n<meta name=\"author\" content=\"Juraj Wertlen\" \/>\n<meta name=\"twitter:card\" content=\"summary_large_image\" \/>\n<meta name=\"twitter:label1\" content=\"Napsal(a)\" \/>\n\t<meta name=\"twitter:data1\" content=\"Juraj Wertlen\" \/>\n\t<meta name=\"twitter:label2\" content=\"Odhadovan\u00e1 doba \u010dten\u00ed\" \/>\n\t<meta name=\"twitter:data2\" content=\"2 minuty\" \/>\n<script type=\"application\/ld+json\" class=\"yoast-schema-graph\">{\"@context\":\"https:\/\/schema.org\",\"@graph\":[{\"@type\":\"WebPage\",\"@id\":\"https:\/\/www.maxins.com\/cs\/filipinsti-pracovnici-v-maxins-nove-posily-pro-cesky-a-slovensky-trh\/\",\"url\":\"https:\/\/www.maxins.com\/cs\/filipinsti-pracovnici-v-maxins-nove-posily-pro-cesky-a-slovensky-trh\/\",\"name\":\"Filip\u00edn\u0161t\u00ed pracovn\u00edci v MAXIN\u2019S \u2013 nov\u00e9 posily pro \u010desk\u00fd a slovensk\u00fd trh - MAXIN\u2019S\",\"isPartOf\":{\"@id\":\"https:\/\/www.maxins.com\/#website\"},\"primaryImageOfPage\":{\"@id\":\"https:\/\/www.maxins.com\/cs\/filipinsti-pracovnici-v-maxins-nove-posily-pro-cesky-a-slovensky-trh\/#primaryimage\"},\"image\":{\"@id\":\"https:\/\/www.maxins.com\/cs\/filipinsti-pracovnici-v-maxins-nove-posily-pro-cesky-a-slovensky-trh\/#primaryimage\"},\"thumbnailUrl\":\"https:\/\/www.maxins.com\/wp-content\/uploads\/2025\/09\/filipinci-vcz.jpg\",\"datePublished\":\"2025-09-19T13:23:52+00:00\",\"dateModified\":\"2025-09-19T14:12:23+00:00\",\"author\":{\"@id\":\"https:\/\/www.maxins.com\/#\/schema\/person\/9f46def9fdbf3761483e22f9726a6a94\"},\"description\":\"Roz\u0161i\u0159ujeme mezin\u00e1rodn\u00ed n\u00e1bor \u2013 do t\u00fdm\u016f na\u0161ich klient\u016f v \u010cesku a na Slovensku p\u0159ibyli prvn\u00ed zam\u011bstnanci z Filip\u00edn.\",\"breadcrumb\":{\"@id\":\"https:\/\/www.maxins.com\/cs\/filipinsti-pracovnici-v-maxins-nove-posily-pro-cesky-a-slovensky-trh\/#breadcrumb\"},\"inLanguage\":\"cs\",\"potentialAction\":[{\"@type\":\"ReadAction\",\"target\":[\"https:\/\/www.maxins.com\/cs\/filipinsti-pracovnici-v-maxins-nove-posily-pro-cesky-a-slovensky-trh\/\"]}]},{\"@type\":\"ImageObject\",\"inLanguage\":\"cs\",\"@id\":\"https:\/\/www.maxins.com\/cs\/filipinsti-pracovnici-v-maxins-nove-posily-pro-cesky-a-slovensky-trh\/#primaryimage\",\"url\":\"https:\/\/www.maxins.com\/wp-content\/uploads\/2025\/09\/filipinci-vcz.jpg\",\"contentUrl\":\"https:\/\/www.maxins.com\/wp-content\/uploads\/2025\/09\/filipinci-vcz.jpg\",\"width\":1600,\"height\":1200},{\"@type\":\"BreadcrumbList\",\"@id\":\"https:\/\/www.maxins.com\/cs\/filipinsti-pracovnici-v-maxins-nove-posily-pro-cesky-a-slovensky-trh\/#breadcrumb\",\"itemListElement\":[{\"@type\":\"ListItem\",\"position\":1,\"name\":\"Domovsk\u00e1 str\u00e1nka\",\"item\":\"https:\/\/www.maxins.com\/cs\/uvod\/\"},{\"@type\":\"ListItem\",\"position\":2,\"name\":\"Filip\u00edn\u0161t\u00ed pracovn\u00edci v MAXIN\u2019S \u2013 nov\u00e9 posily pro \u010desk\u00fd a slovensk\u00fd trh\"}]},{\"@type\":\"WebSite\",\"@id\":\"https:\/\/www.maxins.com\/#website\",\"url\":\"https:\/\/www.maxins.com\/\",\"name\":\"MAXIN\u2019S\",\"description\":\"\",\"potentialAction\":[{\"@type\":\"SearchAction\",\"target\":{\"@type\":\"EntryPoint\",\"urlTemplate\":\"https:\/\/www.maxins.com\/?s={search_term_string}\"},\"query-input\":{\"@type\":\"PropertyValueSpecification\",\"valueRequired\":true,\"valueName\":\"search_term_string\"}}],\"inLanguage\":\"cs\"},{\"@type\":\"Person\",\"@id\":\"https:\/\/www.maxins.com\/#\/schema\/person\/9f46def9fdbf3761483e22f9726a6a94\",\"name\":\"Juraj Wertlen\",\"image\":{\"@type\":\"ImageObject\",\"inLanguage\":\"cs\",\"@id\":\"https:\/\/www.maxins.com\/#\/schema\/person\/image\/\",\"url\":\"https:\/\/secure.gravatar.com\/avatar\/d4822c9fd1c870c55934b8adec4920bad22f4ec1d0a9def0d36bc8ba199fcf2c?s=96&d=mm&r=g\",\"contentUrl\":\"https:\/\/secure.gravatar.com\/avatar\/d4822c9fd1c870c55934b8adec4920bad22f4ec1d0a9def0d36bc8ba199fcf2c?s=96&d=mm&r=g\",\"caption\":\"Juraj Wertlen\"},\"url\":\"https:\/\/www.maxins.com\/cs\/author\/juraj-wertlen\/\"}]}<\/script>\n<!-- \/ Yoast SEO plugin. -->","yoast_head_json":{"title":"Filip\u00edn\u0161t\u00ed pracovn\u00edci v MAXIN\u2019S \u2013 nov\u00e9 posily pro \u010desk\u00fd a slovensk\u00fd trh - MAXIN\u2019S","description":"Roz\u0161i\u0159ujeme mezin\u00e1rodn\u00ed n\u00e1bor \u2013 do t\u00fdm\u016f na\u0161ich klient\u016f v \u010cesku a na Slovensku p\u0159ibyli prvn\u00ed zam\u011bstnanci z Filip\u00edn.","robots":{"index":"index","follow":"follow","max-snippet":"max-snippet:-1","max-image-preview":"max-image-preview:large","max-video-preview":"max-video-preview:-1"},"canonical":"https:\/\/www.maxins.com\/cs\/filipinsti-pracovnici-v-maxins-nove-posily-pro-cesky-a-slovensky-trh\/","og_locale":"cs_CZ","og_type":"article","og_title":"Filip\u00edn\u0161t\u00ed pracovn\u00edci v MAXIN\u2019S \u2013 nov\u00e9 posily pro \u010desk\u00fd a slovensk\u00fd trh","og_description":"Roz\u0161i\u0159ujeme mezin\u00e1rodn\u00ed n\u00e1bor \u2013 do t\u00fdm\u016f na\u0161ich klient\u016f v \u010cesku a na Slovensku p\u0159ibyli prvn\u00ed zam\u011bstnanci z Filip\u00edn.","og_url":"https:\/\/www.maxins.com\/cs\/filipinsti-pracovnici-v-maxins-nove-posily-pro-cesky-a-slovensky-trh\/","og_site_name":"MAXIN\u2019S","article_published_time":"2025-09-19T13:23:52+00:00","article_modified_time":"2025-09-19T14:12:23+00:00","og_image":[{"width":1200,"height":630,"url":"https:\/\/www.maxins.com\/wp-content\/uploads\/2025\/09\/Filipinsti-pracovnici-v-MAXINS-\u2013-nove-posily-pro-cesky-a-slovensky-trh.png","type":"image\/png"}],"author":"Juraj Wertlen","twitter_card":"summary_large_image","twitter_misc":{"Napsal(a)":"Juraj Wertlen","Odhadovan\u00e1 doba \u010dten\u00ed":"2 minuty"},"schema":{"@context":"https:\/\/schema.org","@graph":[{"@type":"WebPage","@id":"https:\/\/www.maxins.com\/cs\/filipinsti-pracovnici-v-maxins-nove-posily-pro-cesky-a-slovensky-trh\/","url":"https:\/\/www.maxins.com\/cs\/filipinsti-pracovnici-v-maxins-nove-posily-pro-cesky-a-slovensky-trh\/","name":"Filip\u00edn\u0161t\u00ed pracovn\u00edci v MAXIN\u2019S \u2013 nov\u00e9 posily pro \u010desk\u00fd a slovensk\u00fd trh - MAXIN\u2019S","isPartOf":{"@id":"https:\/\/www.maxins.com\/#website"},"primaryImageOfPage":{"@id":"https:\/\/www.maxins.com\/cs\/filipinsti-pracovnici-v-maxins-nove-posily-pro-cesky-a-slovensky-trh\/#primaryimage"},"image":{"@id":"https:\/\/www.maxins.com\/cs\/filipinsti-pracovnici-v-maxins-nove-posily-pro-cesky-a-slovensky-trh\/#primaryimage"},"thumbnailUrl":"https:\/\/www.maxins.com\/wp-content\/uploads\/2025\/09\/filipinci-vcz.jpg","datePublished":"2025-09-19T13:23:52+00:00","dateModified":"2025-09-19T14:12:23+00:00","author":{"@id":"https:\/\/www.maxins.com\/#\/schema\/person\/9f46def9fdbf3761483e22f9726a6a94"},"description":"Roz\u0161i\u0159ujeme mezin\u00e1rodn\u00ed n\u00e1bor \u2013 do t\u00fdm\u016f na\u0161ich klient\u016f v \u010cesku a na Slovensku p\u0159ibyli prvn\u00ed zam\u011bstnanci z Filip\u00edn.","breadcrumb":{"@id":"https:\/\/www.maxins.com\/cs\/filipinsti-pracovnici-v-maxins-nove-posily-pro-cesky-a-slovensky-trh\/#breadcrumb"},"inLanguage":"cs","potentialAction":[{"@type":"ReadAction","target":["https:\/\/www.maxins.com\/cs\/filipinsti-pracovnici-v-maxins-nove-posily-pro-cesky-a-slovensky-trh\/"]}]},{"@type":"ImageObject","inLanguage":"cs","@id":"https:\/\/www.maxins.com\/cs\/filipinsti-pracovnici-v-maxins-nove-posily-pro-cesky-a-slovensky-trh\/#primaryimage","url":"https:\/\/www.maxins.com\/wp-content\/uploads\/2025\/09\/filipinci-vcz.jpg","contentUrl":"https:\/\/www.maxins.com\/wp-content\/uploads\/2025\/09\/filipinci-vcz.jpg","width":1600,"height":1200},{"@type":"BreadcrumbList","@id":"https:\/\/www.maxins.com\/cs\/filipinsti-pracovnici-v-maxins-nove-posily-pro-cesky-a-slovensky-trh\/#breadcrumb","itemListElement":[{"@type":"ListItem","position":1,"name":"Domovsk\u00e1 str\u00e1nka","item":"https:\/\/www.maxins.com\/cs\/uvod\/"},{"@type":"ListItem","position":2,"name":"Filip\u00edn\u0161t\u00ed pracovn\u00edci v MAXIN\u2019S \u2013 nov\u00e9 posily pro \u010desk\u00fd a slovensk\u00fd trh"}]},{"@type":"WebSite","@id":"https:\/\/www.maxins.com\/#website","url":"https:\/\/www.maxins.com\/","name":"MAXIN\u2019S","description":"","potentialAction":[{"@type":"SearchAction","target":{"@type":"EntryPoint","urlTemplate":"https:\/\/www.maxins.com\/?s={search_term_string}"},"query-input":{"@type":"PropertyValueSpecification","valueRequired":true,"valueName":"search_term_string"}}],"inLanguage":"cs"},{"@type":"Person","@id":"https:\/\/www.maxins.com\/#\/schema\/person\/9f46def9fdbf3761483e22f9726a6a94","name":"Juraj Wertlen","image":{"@type":"ImageObject","inLanguage":"cs","@id":"https:\/\/www.maxins.com\/#\/schema\/person\/image\/","url":"https:\/\/secure.gravatar.com\/avatar\/d4822c9fd1c870c55934b8adec4920bad22f4ec1d0a9def0d36bc8ba199fcf2c?s=96&d=mm&r=g","contentUrl":"https:\/\/secure.gravatar.com\/avatar\/d4822c9fd1c870c55934b8adec4920bad22f4ec1d0a9def0d36bc8ba199fcf2c?s=96&d=mm&r=g","caption":"Juraj Wertlen"},"url":"https:\/\/www.maxins.com\/cs\/author\/juraj-wertlen\/"}]}},"_links":{"self":[{"href":"https:\/\/www.maxins.com\/cs\/wp-json\/wp\/v2\/posts\/11497","targetHints":{"allow":["GET"]}}],"collection":[{"href":"https:\/\/www.maxins.com\/cs\/wp-json\/wp\/v2\/posts"}],"about":[{"href":"https:\/\/www.maxins.com\/cs\/wp-json\/wp\/v2\/types\/post"}],"author":[{"embeddable":true,"href":"https:\/\/www.maxins.com\/cs\/wp-json\/wp\/v2\/users\/4"}],"replies":[{"embeddable":true,"href":"https:\/\/www.maxins.com\/cs\/wp-json\/wp\/v2\/comments?post=11497"}],"version-history":[{"count":3,"href":"https:\/\/www.maxins.com\/cs\/wp-json\/wp\/v2\/posts\/11497\/revisions"}],"predecessor-version":[{"id":11501,"href":"https:\/\/www.maxins.com\/cs\/wp-json\/wp\/v2\/posts\/11497\/revisions\/11501"}],"wp:featuredmedia":[{"embeddable":true,"href":"https:\/\/www.maxins.com\/cs\/wp-json\/wp\/v2\/media\/11471"}],"wp:attachment":[{"href":"https:\/\/www.maxins.com\/cs\/wp-json\/wp\/v2\/media?parent=11497"}],"wp:term":[{"taxonomy":"category","embeddable":true,"href":"https:\/\/www.maxins.com\/cs\/wp-json\/wp\/v2\/categories?post=11497"},{"taxonomy":"post_tag","embeddable":true,"href":"https:\/\/www.maxins.com\/cs\/wp-json\/wp\/v2\/tags?post=11497"}],"curies":[{"name":"wp","href":"https:\/\/api.w.org\/{rel}","templated":true}]}}