{"id":8829,"date":"2025-02-13T08:53:21","date_gmt":"2025-02-13T08:53:21","guid":{"rendered":"https:\/\/www.maxins.com\/rozsireni-skupiny-maxins-v-nemecku\/"},"modified":"2025-03-05T11:27:04","modified_gmt":"2025-03-05T11:27:04","slug":"expanze-skupiny-maxins-v-nemecku","status":"publish","type":"post","link":"https:\/\/www.maxins.com\/cs\/expanze-skupiny-maxins-v-nemecku\/","title":{"rendered":"Expanze skupiny MAXIN&#8217;S v N\u011bmecku"},"content":{"rendered":"\n<p>Skupina MAXIN&#8217;S je jedn\u00edm z <strong>l\u00eddr\u016f<\/strong> v segmentu agenturn\u00edho zam\u011bstn\u00e1v\u00e1n\u00ed a person\u00e1ln\u00edch slu\u017eeb <strong>na Slovensku<\/strong>. Krom\u011b expanze k na\u0161im soused\u016fm v \u010cesk\u00e9 republice v <strong>roce 2022<\/strong> postupn\u011b zah\u00e1j\u00edme aktivity tak\u00e9 na n\u011bmeck\u00e9m person\u00e1ln\u00edm trhu. <\/p>\n\n<p><strong>Skupina MAXIN&#8217;S <\/strong>jako 100% vlastn\u00edk p\u016fsob\u00ed v N\u011bmecku pod <strong>novou zna\u010dkou Areon<\/strong>. Jako sou\u010d\u00e1st spole\u010dnosti <a href=\"https:\/\/www.areon.eu\" data-type=\"link\" data-id=\"https:\/\/www.areon.eu\">Areon Services GmbH <\/a>se specializujeme na pron\u00e1jem d\u011blnick\u00fdch profes\u00ed pro st\u0159edn\u00ed a velk\u00e9 logistick\u00e9 a v\u00fdrobn\u00ed spole\u010dnosti v N\u011bmecku. <\/p>\n\n<p>Na\u0161e hlavn\u00ed <strong>n\u00e1borov\u00e9 zem\u011b<\/strong> jsou Slovensko (65 %) a \u010cesk\u00e1 republika (35 %) a v sou\u010dasn\u00e9 dob\u011b p\u016fsob\u00edme ve 4 z 16 n\u011bmeck\u00fdch region\u016f B\u00e1densko-W\u00fcrttembersko, Bavorsko, S\u00e1rsko a Severn\u00ed Por\u00fdn\u00ed-Vestf\u00e1lsko.<\/p>\n\n<figure class=\"wp-block-image aligncenter size-large is-resized\"><img loading=\"lazy\" decoding=\"async\" width=\"1024\" height=\"683\" src=\"https:\/\/www.maxins.com\/wp-content\/uploads\/2025\/02\/Areon-Martin-Gasper-1024x683.png\" alt=\"\" class=\"wp-image-8035\" style=\"width:494px;height:auto\" srcset=\"https:\/\/www.maxins.com\/wp-content\/uploads\/2025\/02\/Areon-Martin-Gasper-1024x683.png 1024w, https:\/\/www.maxins.com\/wp-content\/uploads\/2025\/02\/Areon-Martin-Gasper-300x200.png 300w, https:\/\/www.maxins.com\/wp-content\/uploads\/2025\/02\/Areon-Martin-Gasper-768x512.png 768w, https:\/\/www.maxins.com\/wp-content\/uploads\/2025\/02\/Areon-Martin-Gasper-480x320.png 480w, https:\/\/www.maxins.com\/wp-content\/uploads\/2025\/02\/Areon-Martin-Gasper-992x661.png 992w, https:\/\/www.maxins.com\/wp-content\/uploads\/2025\/02\/Areon-Martin-Gasper-272x182.png 272w, https:\/\/www.maxins.com\/wp-content\/uploads\/2025\/02\/Areon-Martin-Gasper.png 1200w\" sizes=\"auto, (max-width: 1024px) 100vw, 1024px\" \/><figcaption class=\"wp-element-caption\">Martin Ga\u0161per, rod\u00e1k z Bardejova, je \u0159editelem spole\u010dnosti Areon Services GmbH se s\u00eddlem v Mnichov\u011b.<\/figcaption><\/figure>\n\n<h2 class=\"wp-block-heading\"><strong>Prvn\u00ed kroky a nejv\u011bt\u0161\u00ed v\u00fdzvy v nov\u00e9 zemi<\/strong><\/h2>\n\n<p>Rozjezd nov\u00e9ho trhu a <strong>uveden\u00ed nov\u00e9 zna\u010dky<\/strong> si v prvn\u00edch dvou letech provozu vy\u017e\u00e1daly <strong>zna\u010dn\u00e9 investice do<\/strong> re\u017eijn\u00edch n\u00e1klad\u016f, materi\u00e1ln\u011b-technick\u00e9ho zabezpe\u010den\u00ed a marketingov\u00fdch aktivit spole\u010dnosti.<\/p>\n\n<p>Nejv\u011bt\u0161\u00ed investic\u00ed v\u0161ak byl <strong>lidsk\u00fd kapit\u00e1l,<\/strong> proto\u017ee jsme spole\u010dnost zakl\u00e1dali s 18 odborn\u00edky. V t\u00e9 dob\u011b jsme m\u011bli podepsanou smlouvu pouze s jedn\u00edm klientem a asi 50 do\u010dasn\u011b p\u0159id\u011blen\u00fdch zam\u011bstnanc\u016f (TEMPS). <\/p>\n\n<p>Prvn\u00ed dva roky p\u016fsoben\u00ed spole\u010dnosti Areon jako nov\u00e1\u010dka na n\u011bmeck\u00e9m trhu byly skute\u010dn\u011b n\u00e1ro\u010dn\u00e9. <strong>Siln\u00e1 konkurence,<\/strong> pomal\u00fd r\u016fst nov\u00fdch klient\u016f a p\u0159\u00edjm\u016f, vysok\u00e9 provozn\u00ed n\u00e1klady nakonec vedly k reorganizaci t\u00fdmu.<\/p>\n\n<p><strong><span style=\"text-decoration: underline;\">Stru\u010dn\u00fd \u010dasov\u00fd p\u0159ehled:<\/span><\/strong><\/p>\n\n<ul class=\"wp-block-list\">\n<li>2022 &#8211; zalo\u017een\u00ed spole\u010dnosti v \u010dervnu a 1. klient <\/li>\n\n\n\n<li>2023 &#8211; 9 klient\u016f a \u2205 148 TEMPS<\/li>\n\n\n\n<li>2024 &#8211; Obrat +10 milion\u016f a poprv\u00e9 kladn\u00fd hospod\u00e1\u0159sk\u00fd v\u00fdsledek <\/li>\n<\/ul>\n\n<p>V\u0161e se &#8222;zlomilo&#8220; na za\u010d\u00e1tku roku 2024, kdy se pozitivn\u011b projevila reorganizace t\u00fdmu a zdokonalen\u00ed proces\u016f spole\u010dnosti.<\/p>\n\n<p>J\u00e1dro na\u0161eho &#8222;DE t\u00fdmu&#8220; dnes tvo\u0159\u00ed 19 odborn\u00edk\u016f s rozs\u00e1hl\u00fdmi zku\u0161enostmi v <strong>oblasti mezin\u00e1rodn\u00edho n\u00e1boru<\/strong> a person\u00e1ln\u00edch slu\u017eeb v N\u011bmecku.<\/p>\n\n<figure class=\"wp-block-image aligncenter size-large is-resized\"><img loading=\"lazy\" decoding=\"async\" width=\"1024\" height=\"701\" src=\"https:\/\/www.maxins.com\/wp-content\/uploads\/2025\/02\/Screenshot-2025-02-07-at-11.15.25-1024x701.png\" alt=\"\" class=\"wp-image-7195\" style=\"width:493px;height:auto\" srcset=\"https:\/\/www.maxins.com\/wp-content\/uploads\/2025\/02\/Screenshot-2025-02-07-at-11.15.25-1024x701.png 1024w, https:\/\/www.maxins.com\/wp-content\/uploads\/2025\/02\/Screenshot-2025-02-07-at-11.15.25-300x205.png 300w, https:\/\/www.maxins.com\/wp-content\/uploads\/2025\/02\/Screenshot-2025-02-07-at-11.15.25-768x526.png 768w, https:\/\/www.maxins.com\/wp-content\/uploads\/2025\/02\/Screenshot-2025-02-07-at-11.15.25-1536x1052.png 1536w, https:\/\/www.maxins.com\/wp-content\/uploads\/2025\/02\/Screenshot-2025-02-07-at-11.15.25-2048x1403.png 2048w, https:\/\/www.maxins.com\/wp-content\/uploads\/2025\/02\/Screenshot-2025-02-07-at-11.15.25-480x329.png 480w, https:\/\/www.maxins.com\/wp-content\/uploads\/2025\/02\/Screenshot-2025-02-07-at-11.15.25-992x679.png 992w, https:\/\/www.maxins.com\/wp-content\/uploads\/2025\/02\/Screenshot-2025-02-07-at-11.15.25-1200x822.png 1200w\" sizes=\"auto, (max-width: 1024px) 100vw, 1024px\" \/><\/figure>\n\n<h2 class=\"wp-block-heading\"><strong>\u00dasp\u011b\u0161n\u00e1 spolupr\u00e1ce s velk\u00fdmi hr\u00e1\u010di<\/strong><\/h2>\n\n<p>Nejsiln\u011bj\u0161\u00ed zastoupen\u00ed v na\u0161em portfoliu m\u00e1 segment logistiky, n\u00e1sledovan\u00fd v\u00fdrobou a stroj\u00edrenstv\u00edm. <strong>V sou\u010dasn\u00e9 dob\u011b spolupracujeme se 14 klienty<\/strong> v N\u011bmecku. Mezi na\u0161e nejv\u011bt\u0161\u00ed projekty pat\u0159\u00ed spolupr\u00e1ce s glob\u00e1ln\u00edmi korpor\u00e1tn\u00edmi klienty:  <\/p>\n\n<ul class=\"wp-block-list\">\n<li><strong>Husqvarna Group<\/strong>, kter\u00e9 dlouhodob\u011b dod\u00e1v\u00e1me zam\u011bstnance do 3 logistick\u00fdch center v okol\u00ed Ulmu, a v hlavn\u00ed sez\u00f3n\u011b se bl\u00ed\u017e\u00edme po\u010dtu 200 brig\u00e1dn\u00edk\u016f. Jedn\u00e1 se p\u0159edev\u0161\u00edm o skladn\u00edky, pickery, \u0159idi\u010de vysokozdvi\u017en\u00fdch voz\u00edk\u016f a retrak\u00e1\u0159e. <\/li>\n\n\n\n<li>Dal\u0161\u00edm stabiln\u00edm partnerem spole\u010dnosti Areon je <strong>DHL Supply Chain<\/strong>, kde person\u00e1ln\u011b podporujeme velk\u00e1 logistick\u00e1 centra.<\/li>\n\n\n\n<li>Na\u0161\u00edm nejnov\u011bj\u0161\u00edm klientem je spole\u010dnost <strong>JYSK<\/strong> <strong>,<\/strong> kter\u00e9 jsme pomohli stabilizovat person\u00e1ln\u00ed po\u017eadavky a fluktuaci v jej\u00edm nejv\u011bt\u0161\u00edm distribu\u010dn\u00edm centru v N\u011bmecku na konci roku 2024. Na tomto (st\u00e1le \u010derstv\u00e9m) projektu m\u016f\u017eeme demonstrovat na\u0161e kl\u00ed\u010dov\u00e9 p\u0159\u00ednosy pro n\u011bmeck\u00e9 spole\u010dnosti: <\/li>\n<\/ul>\n\n<h3 class=\"wp-block-heading\"><strong>Hlavn\u00ed v\u00fdhody pro na\u0161e partnery v N\u011bmecku<\/strong><\/h3>\n\n<ul class=\"wp-block-list\">\n<li><strong>D\u016fsledn\u00fd v\u00fdb\u011br<\/strong> uchaze\u010d\u016f a pravideln\u00fd (t\u00fddenn\u00ed) p\u0159\u00edsun motivovan\u011bj\u0161\u00edch zam\u011bstnanc\u016f.<\/li>\n\n\n\n<li><strong>Prvot\u0159\u00eddn\u00ed p\u00e9\u010de o zam\u011bstnance<\/strong> \u2192 od p\u0159\u00edjezdu do N\u011bmecka, p\u0159es ubytov\u00e1n\u00ed, administrativn\u00ed z\u00e1le\u017eitosti a podporu v b\u011b\u017en\u00fdch i mimo\u0159\u00e1dn\u00fdch situac\u00edch a\u017e po ukon\u010den\u00ed pracovn\u00edho pom\u011bru. pomeru <\/li>\n\n\n\n<li><strong>Vysok\u00e1 v\u00fdkonnost<\/strong> \u2192 na\u0161i zam\u011bstnanci nezame\u0161k\u00e1vaj\u00ed hodiny, naopak jsou p\u0159ipraveni pracovat p\u0159es\u010das + podle Teamleiter\u016f &#8222;odvedou za stejnou dobu 2x v\u00edce pr\u00e1ce ne\u017e b\u011b\u017en\u00fd zam\u011bstnanec&#8220;.<\/li>\n\n\n\n<li><strong>N\u00edzk\u00e1 fluktuace<\/strong> zam\u011bstnanc\u016f \u2192 dlouhodob\u011b pod pr\u016fm\u011brem odv\u011btv\u00ed<\/li>\n<\/ul>\n\n<figure class=\"wp-block-video\"><video height=\"1360\" style=\"aspect-ratio: 1980 \/ 1360;\" width=\"1980\" autoplay=\"\" loop=\"\" src=\"https:\/\/www.maxins.com\/wp-content\/uploads\/2025\/02\/web_ilustraky_v1-2.mp4\" playsinline=\"\"><\/video><\/figure>\n\n<h3 class=\"wp-block-heading\"><strong>Na\u0161\u00edm c\u00edlem je konkurovat kvalitou, ne nejni\u017e\u0161\u00ed cenou.<\/strong><\/h3>\n\n<p>Na\u0161e politika je zalo\u017eena <strong>na p\u0159idan\u00e9 hodnot\u011b, kterou<\/strong> pracovn\u00edci z na\u0161eho regionu p\u0159in\u00e1\u0161ej\u00ed N\u011bmecku, v kombinaci s vynikaj\u00edc\u00ed podporou (pro zam\u011bstnance i klienty) a vysokou flexibilitou.<\/p>\n\n<p>Nem\u00e1me z\u00e1jem <strong>konkurovat &#8222;dumpingov\u00fdmi cenami&#8220;, proto\u017ee<\/strong> nechceme sni\u017eovat standardy kvality na\u0161ich slu\u017eeb. D\u00e1v\u00e1me p\u0159ednost \u0159e\u0161en\u00edm win-win-win, kdy jsou na konci dne spokojeny v\u0161echny z\u00fa\u010dastn\u011bn\u00e9 strany: klient &#8211; zam\u011bstnanec &#8211; agentura. <\/p>\n\n<p><strong>N\u00e1\u0161 p\u0159\u00edstup<\/strong> se ne v\u017edy setk\u00e1v\u00e1 s pochopen\u00edm v n\u00e1kupn\u00edch odd\u011blen\u00edch potenci\u00e1ln\u00edch klient\u016f, bohu\u017eel se sc\u00e9n\u00e1\u0159 ve v\u011bt\u0161in\u011b p\u0159\u00edpad\u016f opakuje:<\/p>\n\n<ul class=\"wp-block-list\">\n<li>z d\u016fvodu nedostatku kvalitn\u00ed pracovn\u00ed s\u00edly<\/li>\n\n\n\n<li>n\u00edzk\u00fd v\u00fdkon<\/li>\n\n\n\n<li>nebo vysok\u00fd obrat<\/li>\n<\/ul>\n\n<p>&#8222;U\u0161et\u0159en\u00e9&#8220; pen\u00edze v je\u0161t\u011b v\u011bt\u0161\u00edm mno\u017estv\u00ed p\u016fjdou jinam, proto\u017ee zbo\u017e\u00ed se nevyv\u00e1\u017e\u00ed nebo nevyr\u00e1b\u00ed v pot\u0159ebn\u00e9 kvalit\u011b a rychlosti.<\/p>\n\n<p><\/p>\n\n<h2 class=\"wp-block-heading\"><strong>V\u00edce o trhu agenturn\u00edho zam\u011bstn\u00e1v\u00e1n\u00ed v N\u011bmecku<\/strong><\/h2>\n\n<p>Zaj\u00edmav\u00e1 fakta:<\/p>\n\n<ul class=\"wp-block-list\">\n<li>V N\u011bmecku p\u016fsob\u00ed p\u0159ibli\u017en\u011b <strong>5 600 spole\u010dnost\u00ed v<\/strong> oblasti person\u00e1ln\u00edch slu\u017eeb, ale jen asi 5 % z nich zam\u011bstn\u00e1v\u00e1 v\u00edce ne\u017e 100 zam\u011bstnanc\u016f.<\/li>\n\n\n\n<li><strong>Objem trhu s<\/strong> do\u010dasn\u00fdmi zam\u011bstnanci <strong>\u010din\u00ed p\u0159ibli\u017en\u011b 35 miliard eur,<\/strong> p\u0159i\u010dem\u017e 80 nejv\u011bt\u0161\u00edch spole\u010dnost\u00ed se na n\u011bm pod\u00edl\u00ed p\u0159ibli\u017en\u011b 40 %.<\/li>\n\n\n\n<li>Do\u010dasn\u00ed zam\u011bstnanci tvo\u0159\u00ed v N\u011bmecku p\u0159ibli\u017en\u011b<strong> 2 % v\u0161ech zam\u011bstnanc\u016f.<\/strong> P\u0159ibli\u017en\u011b 30 % n\u011bmeck\u00fdch do\u010dasn\u00fdch pracovn\u00edk\u016f pracuje v odv\u011btv\u00ed dopravy a logistiky.<\/li>\n\n\n\n<li>Necel\u00fdch 14 % agenturn\u00edch zam\u011bstnanc\u016f <strong>poch\u00e1z\u00ed ze zahrani\u010d\u00ed.<\/strong> Nejv\u00fdznamn\u011bj\u0161\u00ed zem\u00ed p\u016fvodu je Polsko.<\/li>\n<\/ul>\n\n<figure class=\"wp-block-image aligncenter size-large is-resized\"><img loading=\"lazy\" decoding=\"async\" width=\"1024\" height=\"683\" src=\"https:\/\/www.maxins.com\/wp-content\/uploads\/2025\/02\/Pocet-agenturnych-zamestnancov-v-Nemecku-1024x683.png\" alt=\"\" class=\"wp-image-8039\" style=\"width:768px;height:auto\" srcset=\"https:\/\/www.maxins.com\/wp-content\/uploads\/2025\/02\/Pocet-agenturnych-zamestnancov-v-Nemecku-1024x683.png 1024w, https:\/\/www.maxins.com\/wp-content\/uploads\/2025\/02\/Pocet-agenturnych-zamestnancov-v-Nemecku-300x200.png 300w, https:\/\/www.maxins.com\/wp-content\/uploads\/2025\/02\/Pocet-agenturnych-zamestnancov-v-Nemecku-768x512.png 768w, https:\/\/www.maxins.com\/wp-content\/uploads\/2025\/02\/Pocet-agenturnych-zamestnancov-v-Nemecku-1536x1024.png 1536w, https:\/\/www.maxins.com\/wp-content\/uploads\/2025\/02\/Pocet-agenturnych-zamestnancov-v-Nemecku-480x320.png 480w, https:\/\/www.maxins.com\/wp-content\/uploads\/2025\/02\/Pocet-agenturnych-zamestnancov-v-Nemecku-992x661.png 992w, https:\/\/www.maxins.com\/wp-content\/uploads\/2025\/02\/Pocet-agenturnych-zamestnancov-v-Nemecku-1200x800.png 1200w, https:\/\/www.maxins.com\/wp-content\/uploads\/2025\/02\/Pocet-agenturnych-zamestnancov-v-Nemecku-272x182.png 272w, https:\/\/www.maxins.com\/wp-content\/uploads\/2025\/02\/Pocet-agenturnych-zamestnancov-v-Nemecku.png 1800w\" sizes=\"auto, (max-width: 1024px) 100vw, 1024px\" \/><\/figure>\n\n<p><strong>Nejv\u011bt\u0161\u00edm sdru\u017een\u00edm<\/strong> person\u00e1ln\u00edch spole\u010dnost\u00ed, kter\u00e9 zastupuje z\u00e1jmy agentur v oblasti do\u010dasn\u00e9ho zam\u011bstn\u00e1v\u00e1n\u00ed, n\u00e1boru a person\u00e1ln\u00edch slu\u017eeb, je <strong>GVP<\/strong> (Gesamtverband der Personaldienstleister e.V.), jeho\u017e jsme \u010dlenem od jeho zalo\u017een\u00ed.<\/p>\n\n<p>V sou\u010dasn\u00e9 dob\u011b GVP aktivn\u011b bojuje za <strong>zm\u00edrn\u011bn\u00ed<\/strong> <strong>p\u0159\u00edsn\u00e9 byrokracie<\/strong>, diskriminace a regulace do\u010dasn\u00e9ho zam\u011bstn\u00e1v\u00e1n\u00ed v N\u011bmecku, proto\u017ee sou\u010dasn\u00e9 legislativn\u00ed nastaven\u00ed br\u00e1n\u00ed flexibilit\u011b a konkurenceschopnosti n\u011bmeck\u00fdch podnik\u016f.<\/p>\n\n<p><\/p>\n\n<h2 class=\"wp-block-heading\"><strong>Dal\u0161\u00ed rozvoj a budoucnost skupiny MAXIN&#8217;S v N\u011bmecku<\/strong><\/h2>\n\n<p>P\u0159esto\u017ee se n\u011bmeck\u00e1 ekonomika nach\u00e1z\u00ed v \u00fatlumu a objem agenturn\u00edho zam\u011bstn\u00e1v\u00e1n\u00ed v N\u011bmecku m\u00e1 z v\u00fd\u0161e uveden\u00fdch d\u016fvod\u016f v posledn\u00edch letech klesaj\u00edc\u00ed tendenci, da\u0159\u00ed se n\u00e1m <strong>meziro\u010dn\u011b r\u016fst.<\/strong><\/p>\n\n<p>Kvalita na\u0161ich slu\u017eeb postupn\u011b z\u00edsk\u00e1v\u00e1 zaslou\u017een\u00e9 uzn\u00e1n\u00ed a na\u0161i n\u011bme\u010dt\u00ed partne\u0159i n\u00e1s <strong>postupn\u011b doporu\u010duj\u00ed<\/strong> dal\u0161\u00edm spole\u010dnostem, kter\u00e9 hledaj\u00ed prvot\u0159\u00eddn\u00ed dodavatele person\u00e1lu.<\/p>\n\n<p>Od prosince 2024 m\u00e1me v N\u011bmecku <strong>\u010dasov\u011b neomezenou licenci na<\/strong> do\u010dasn\u00e9 zam\u011bstn\u00e1v\u00e1n\u00ed, jej\u00ed\u017e ud\u011blen\u00ed bylo dal\u0161\u00edm d\u016fle\u017eit\u00fdm miln\u00edkem v na\u0161\u00ed zahrani\u010dn\u00ed expanzi.<\/p>\n\n<p>Na\u0161e vysok\u00e9 ambice v N\u011bmecku podtrhuje na\u0161e progn\u00f3za pro rok 2025, kter\u00e1 po\u010d\u00edt\u00e1 s minim\u00e1ln\u011b 50% meziro\u010dn\u00edm r\u016fstem. Kalend\u00e1\u0159n\u00ed rok se n\u00e1m poda\u0159ilo zah\u00e1jit nov\u00fdm rekordem, kdy\u017e spole\u010dnost Areon <strong>v lednu 2025<\/strong> p\u0159edala sv\u00fdm partner\u016fm t\u00e9m\u011b\u0159 <strong>200 nov\u00fdch zam\u011bstnanc\u016f.<\/strong> <\/p>\n\n<div class=\"wp-block-columns is-layout-flex wp-container-core-columns-is-layout-28f84493 wp-block-columns-is-layout-flex\">\n<div class=\"wp-block-column is-layout-flow wp-block-column-is-layout-flow\">\n<figure class=\"wp-block-embed is-type-video is-provider-youtube wp-block-embed-youtube wp-embed-aspect-16-9 wp-has-aspect-ratio\"><div class=\"wp-block-embed__wrapper\">\n<iframe loading=\"lazy\" title=\"Vorstellung von Areon Services GmbH\" width=\"500\" height=\"281\" data-cookieconsent=\"p\u0159edvolby, statistika, marketing\" data-src=\"https:\/\/www.youtube.com\/embed\/MC-_HdizxCE?start=7&#038;feature=oembed\" frameborder=\"0\" allow=\"accelerometer; autoplay; clipboard-write; encrypted-media; gyroscope; picture-in-picture; web-share\" referrerpolicy=\"strict-origin-when-cross-origin\" allowfullscreen><\/iframe><div class=\"cookieconsent-optout-preferences cookieconsent-optout-statistics cookieconsent-optout-marketing\"><\/div>\n<\/div><figcaption class=\"wp-element-caption\">P\u0159edstavujeme spole\u010dnost Areon Services GmbH<\/figcaption><\/figure>\n<\/div>\n\n\n\n<div class=\"wp-block-column is-layout-flow wp-block-column-is-layout-flow\">\n<figure class=\"wp-block-embed is-type-video is-provider-youtube wp-block-embed-youtube wp-embed-aspect-16-9 wp-has-aspect-ratio\"><div class=\"wp-block-embed__wrapper\">\n<iframe loading=\"lazy\" title=\"S na\u0161ou podporou to v Nemecku zvl\u00e1dnete\" width=\"500\" height=\"281\" data-cookieconsent=\"p\u0159edvolby, statistika, marketing\" data-src=\"https:\/\/www.youtube.com\/embed\/unQwjnm7Vmo?start=17&#038;feature=oembed\" frameborder=\"0\" allow=\"accelerometer; autoplay; clipboard-write; encrypted-media; gyroscope; picture-in-picture; web-share\" referrerpolicy=\"strict-origin-when-cross-origin\" allowfullscreen><\/iframe><div class=\"cookieconsent-optout-preferences cookieconsent-optout-statistics cookieconsent-optout-marketing\"><\/div>\n<\/div><figcaption class=\"wp-element-caption\">Zku\u0161enosti na\u0161ich zam\u011bstnanc\u016f v N\u011bmecku<\/figcaption><\/figure>\n<\/div>\n<\/div>\n\n<hr class=\"wp-block-separator has-alpha-channel-opacity\"\/>\n<div style=\"font-size:19px; padding-top:0;padding-bottom:0;padding-left:0;padding-right:0;\" class=\"has-text-align-left wp-block-post-author\"><div class=\"wp-block-post-author__avatar\"><img alt='' src='https:\/\/secure.gravatar.com\/avatar\/d4822c9fd1c870c55934b8adec4920bad22f4ec1d0a9def0d36bc8ba199fcf2c?s=48&#038;d=mm&#038;r=g' srcset='https:\/\/secure.gravatar.com\/avatar\/d4822c9fd1c870c55934b8adec4920bad22f4ec1d0a9def0d36bc8ba199fcf2c?s=96&#038;d=mm&#038;r=g 2x' class='avatar avatar-48 photo' height='48' width='48' \/><\/div><div class=\"wp-block-post-author__content\"><p class=\"wp-block-post-author__byline\"><em>Autor<\/em><\/p><p class=\"wp-block-post-author__name\">Juraj Wertlen<\/p><p class=\"wp-block-post-author__bio\"><\/p><\/div><\/div>","protected":false},"excerpt":{"rendered":"<p>V N\u011bmecku je registrov\u00e1no 5 600 person\u00e1ln\u00edch spole\u010dnost\u00ed. Jak prorazit ze Slovenska v sektoru agenturn\u00edho zam\u011bstn\u00e1v\u00e1n\u00ed ve \u010dtvrt\u00e9 nejsiln\u011bj\u0161\u00ed ekonomice sv\u011bta?  <\/p>\n","protected":false},"author":4,"featured_media":8474,"comment_status":"open","ping_status":"open","sticky":false,"template":"","format":"standard","meta":{"_acf_changed":false,"footnotes":""},"categories":[63],"tags":[],"class_list":["post-8829","post","type-post","status-publish","format-standard","has-post-thumbnail","hentry","category-maxins-novinky"],"acf":[],"yoast_head":"<!-- This site is optimized with the Yoast SEO plugin v25.3.1 - https:\/\/yoast.com\/wordpress\/plugins\/seo\/ -->\n<title>Expanze skupiny MAXIN&#039;S v N\u011bmecku - MAXIN\u2019S<\/title>\n<meta name=\"robots\" content=\"index, follow, max-snippet:-1, max-image-preview:large, max-video-preview:-1\" \/>\n<link rel=\"canonical\" href=\"https:\/\/www.maxins.com\/cs\/expanze-skupiny-maxins-v-nemecku\/\" \/>\n<meta property=\"og:locale\" content=\"cs_CZ\" \/>\n<meta property=\"og:type\" content=\"article\" \/>\n<meta property=\"og:title\" content=\"Expanze skupiny MAXIN&#039;S v N\u011bmecku - MAXIN\u2019S\" \/>\n<meta property=\"og:description\" content=\"V N\u011bmecku je registrov\u00e1no 5 600 person\u00e1ln\u00edch spole\u010dnost\u00ed. Jak prorazit ze Slovenska v sektoru agenturn\u00edho zam\u011bstn\u00e1v\u00e1n\u00ed ve \u010dtvrt\u00e9 nejsiln\u011bj\u0161\u00ed ekonomice sv\u011bta?\" \/>\n<meta property=\"og:url\" content=\"https:\/\/www.maxins.com\/cs\/expanze-skupiny-maxins-v-nemecku\/\" \/>\n<meta property=\"og:site_name\" content=\"MAXIN\u2019S\" \/>\n<meta property=\"article:published_time\" content=\"2025-02-13T08:53:21+00:00\" \/>\n<meta property=\"article:modified_time\" content=\"2025-03-05T11:27:04+00:00\" \/>\n<meta property=\"og:image\" content=\"https:\/\/www.maxins.com\/wp-content\/uploads\/2025\/02\/Areon-nemecko.png\" \/>\n\t<meta property=\"og:image:width\" content=\"1200\" \/>\n\t<meta property=\"og:image:height\" content=\"800\" \/>\n\t<meta property=\"og:image:type\" content=\"image\/png\" \/>\n<meta name=\"author\" content=\"Juraj Wertlen\" \/>\n<meta name=\"twitter:card\" content=\"summary_large_image\" \/>\n<meta name=\"twitter:label1\" content=\"Napsal(a)\" \/>\n\t<meta name=\"twitter:data1\" content=\"Juraj Wertlen\" \/>\n\t<meta name=\"twitter:label2\" content=\"Odhadovan\u00e1 doba \u010dten\u00ed\" \/>\n\t<meta name=\"twitter:data2\" content=\"6 minut\" \/>\n<script type=\"application\/ld+json\" class=\"yoast-schema-graph\">{\"@context\":\"https:\/\/schema.org\",\"@graph\":[{\"@type\":\"WebPage\",\"@id\":\"https:\/\/www.maxins.com\/cs\/expanze-skupiny-maxins-v-nemecku\/\",\"url\":\"https:\/\/www.maxins.com\/cs\/expanze-skupiny-maxins-v-nemecku\/\",\"name\":\"Expanze skupiny MAXIN'S v N\u011bmecku - MAXIN\u2019S\",\"isPartOf\":{\"@id\":\"https:\/\/www.maxins.com\/#website\"},\"primaryImageOfPage\":{\"@id\":\"https:\/\/www.maxins.com\/cs\/expanze-skupiny-maxins-v-nemecku\/#primaryimage\"},\"image\":{\"@id\":\"https:\/\/www.maxins.com\/cs\/expanze-skupiny-maxins-v-nemecku\/#primaryimage\"},\"thumbnailUrl\":\"https:\/\/www.maxins.com\/wp-content\/uploads\/2025\/02\/Areon-nemecko.png\",\"datePublished\":\"2025-02-13T08:53:21+00:00\",\"dateModified\":\"2025-03-05T11:27:04+00:00\",\"author\":{\"@id\":\"https:\/\/www.maxins.com\/#\/schema\/person\/9f46def9fdbf3761483e22f9726a6a94\"},\"breadcrumb\":{\"@id\":\"https:\/\/www.maxins.com\/cs\/expanze-skupiny-maxins-v-nemecku\/#breadcrumb\"},\"inLanguage\":\"cs\",\"potentialAction\":[{\"@type\":\"ReadAction\",\"target\":[\"https:\/\/www.maxins.com\/cs\/expanze-skupiny-maxins-v-nemecku\/\"]}]},{\"@type\":\"ImageObject\",\"inLanguage\":\"cs\",\"@id\":\"https:\/\/www.maxins.com\/cs\/expanze-skupiny-maxins-v-nemecku\/#primaryimage\",\"url\":\"https:\/\/www.maxins.com\/wp-content\/uploads\/2025\/02\/Areon-nemecko.png\",\"contentUrl\":\"https:\/\/www.maxins.com\/wp-content\/uploads\/2025\/02\/Areon-nemecko.png\",\"width\":1200,\"height\":800,\"caption\":\"Areon nemecko\"},{\"@type\":\"BreadcrumbList\",\"@id\":\"https:\/\/www.maxins.com\/cs\/expanze-skupiny-maxins-v-nemecku\/#breadcrumb\",\"itemListElement\":[{\"@type\":\"ListItem\",\"position\":1,\"name\":\"Domovsk\u00e1 str\u00e1nka\",\"item\":\"https:\/\/www.maxins.com\/cs\/uvod\/\"},{\"@type\":\"ListItem\",\"position\":2,\"name\":\"Expanze skupiny MAXIN&#8217;S v N\u011bmecku\"}]},{\"@type\":\"WebSite\",\"@id\":\"https:\/\/www.maxins.com\/#website\",\"url\":\"https:\/\/www.maxins.com\/\",\"name\":\"MAXIN\u2019S\",\"description\":\"\",\"potentialAction\":[{\"@type\":\"SearchAction\",\"target\":{\"@type\":\"EntryPoint\",\"urlTemplate\":\"https:\/\/www.maxins.com\/?s={search_term_string}\"},\"query-input\":{\"@type\":\"PropertyValueSpecification\",\"valueRequired\":true,\"valueName\":\"search_term_string\"}}],\"inLanguage\":\"cs\"},{\"@type\":\"Person\",\"@id\":\"https:\/\/www.maxins.com\/#\/schema\/person\/9f46def9fdbf3761483e22f9726a6a94\",\"name\":\"Juraj Wertlen\",\"image\":{\"@type\":\"ImageObject\",\"inLanguage\":\"cs\",\"@id\":\"https:\/\/www.maxins.com\/#\/schema\/person\/image\/\",\"url\":\"https:\/\/secure.gravatar.com\/avatar\/d4822c9fd1c870c55934b8adec4920bad22f4ec1d0a9def0d36bc8ba199fcf2c?s=96&d=mm&r=g\",\"contentUrl\":\"https:\/\/secure.gravatar.com\/avatar\/d4822c9fd1c870c55934b8adec4920bad22f4ec1d0a9def0d36bc8ba199fcf2c?s=96&d=mm&r=g\",\"caption\":\"Juraj Wertlen\"},\"url\":\"https:\/\/www.maxins.com\/cs\/author\/juraj-wertlen\/\"}]}<\/script>\n<!-- \/ Yoast SEO plugin. -->","yoast_head_json":{"title":"Expanze skupiny MAXIN'S v N\u011bmecku - MAXIN\u2019S","robots":{"index":"index","follow":"follow","max-snippet":"max-snippet:-1","max-image-preview":"max-image-preview:large","max-video-preview":"max-video-preview:-1"},"canonical":"https:\/\/www.maxins.com\/cs\/expanze-skupiny-maxins-v-nemecku\/","og_locale":"cs_CZ","og_type":"article","og_title":"Expanze skupiny MAXIN'S v N\u011bmecku - MAXIN\u2019S","og_description":"V N\u011bmecku je registrov\u00e1no 5 600 person\u00e1ln\u00edch spole\u010dnost\u00ed. Jak prorazit ze Slovenska v sektoru agenturn\u00edho zam\u011bstn\u00e1v\u00e1n\u00ed ve \u010dtvrt\u00e9 nejsiln\u011bj\u0161\u00ed ekonomice sv\u011bta?","og_url":"https:\/\/www.maxins.com\/cs\/expanze-skupiny-maxins-v-nemecku\/","og_site_name":"MAXIN\u2019S","article_published_time":"2025-02-13T08:53:21+00:00","article_modified_time":"2025-03-05T11:27:04+00:00","og_image":[{"width":1200,"height":800,"url":"https:\/\/www.maxins.com\/wp-content\/uploads\/2025\/02\/Areon-nemecko.png","type":"image\/png"}],"author":"Juraj Wertlen","twitter_card":"summary_large_image","twitter_misc":{"Napsal(a)":"Juraj Wertlen","Odhadovan\u00e1 doba \u010dten\u00ed":"6 minut"},"schema":{"@context":"https:\/\/schema.org","@graph":[{"@type":"WebPage","@id":"https:\/\/www.maxins.com\/cs\/expanze-skupiny-maxins-v-nemecku\/","url":"https:\/\/www.maxins.com\/cs\/expanze-skupiny-maxins-v-nemecku\/","name":"Expanze skupiny MAXIN'S v N\u011bmecku - MAXIN\u2019S","isPartOf":{"@id":"https:\/\/www.maxins.com\/#website"},"primaryImageOfPage":{"@id":"https:\/\/www.maxins.com\/cs\/expanze-skupiny-maxins-v-nemecku\/#primaryimage"},"image":{"@id":"https:\/\/www.maxins.com\/cs\/expanze-skupiny-maxins-v-nemecku\/#primaryimage"},"thumbnailUrl":"https:\/\/www.maxins.com\/wp-content\/uploads\/2025\/02\/Areon-nemecko.png","datePublished":"2025-02-13T08:53:21+00:00","dateModified":"2025-03-05T11:27:04+00:00","author":{"@id":"https:\/\/www.maxins.com\/#\/schema\/person\/9f46def9fdbf3761483e22f9726a6a94"},"breadcrumb":{"@id":"https:\/\/www.maxins.com\/cs\/expanze-skupiny-maxins-v-nemecku\/#breadcrumb"},"inLanguage":"cs","potentialAction":[{"@type":"ReadAction","target":["https:\/\/www.maxins.com\/cs\/expanze-skupiny-maxins-v-nemecku\/"]}]},{"@type":"ImageObject","inLanguage":"cs","@id":"https:\/\/www.maxins.com\/cs\/expanze-skupiny-maxins-v-nemecku\/#primaryimage","url":"https:\/\/www.maxins.com\/wp-content\/uploads\/2025\/02\/Areon-nemecko.png","contentUrl":"https:\/\/www.maxins.com\/wp-content\/uploads\/2025\/02\/Areon-nemecko.png","width":1200,"height":800,"caption":"Areon nemecko"},{"@type":"BreadcrumbList","@id":"https:\/\/www.maxins.com\/cs\/expanze-skupiny-maxins-v-nemecku\/#breadcrumb","itemListElement":[{"@type":"ListItem","position":1,"name":"Domovsk\u00e1 str\u00e1nka","item":"https:\/\/www.maxins.com\/cs\/uvod\/"},{"@type":"ListItem","position":2,"name":"Expanze skupiny MAXIN&#8217;S v N\u011bmecku"}]},{"@type":"WebSite","@id":"https:\/\/www.maxins.com\/#website","url":"https:\/\/www.maxins.com\/","name":"MAXIN\u2019S","description":"","potentialAction":[{"@type":"SearchAction","target":{"@type":"EntryPoint","urlTemplate":"https:\/\/www.maxins.com\/?s={search_term_string}"},"query-input":{"@type":"PropertyValueSpecification","valueRequired":true,"valueName":"search_term_string"}}],"inLanguage":"cs"},{"@type":"Person","@id":"https:\/\/www.maxins.com\/#\/schema\/person\/9f46def9fdbf3761483e22f9726a6a94","name":"Juraj Wertlen","image":{"@type":"ImageObject","inLanguage":"cs","@id":"https:\/\/www.maxins.com\/#\/schema\/person\/image\/","url":"https:\/\/secure.gravatar.com\/avatar\/d4822c9fd1c870c55934b8adec4920bad22f4ec1d0a9def0d36bc8ba199fcf2c?s=96&d=mm&r=g","contentUrl":"https:\/\/secure.gravatar.com\/avatar\/d4822c9fd1c870c55934b8adec4920bad22f4ec1d0a9def0d36bc8ba199fcf2c?s=96&d=mm&r=g","caption":"Juraj Wertlen"},"url":"https:\/\/www.maxins.com\/cs\/author\/juraj-wertlen\/"}]}},"_links":{"self":[{"href":"https:\/\/www.maxins.com\/cs\/wp-json\/wp\/v2\/posts\/8829","targetHints":{"allow":["GET"]}}],"collection":[{"href":"https:\/\/www.maxins.com\/cs\/wp-json\/wp\/v2\/posts"}],"about":[{"href":"https:\/\/www.maxins.com\/cs\/wp-json\/wp\/v2\/types\/post"}],"author":[{"embeddable":true,"href":"https:\/\/www.maxins.com\/cs\/wp-json\/wp\/v2\/users\/4"}],"replies":[{"embeddable":true,"href":"https:\/\/www.maxins.com\/cs\/wp-json\/wp\/v2\/comments?post=8829"}],"version-history":[{"count":2,"href":"https:\/\/www.maxins.com\/cs\/wp-json\/wp\/v2\/posts\/8829\/revisions"}],"predecessor-version":[{"id":9048,"href":"https:\/\/www.maxins.com\/cs\/wp-json\/wp\/v2\/posts\/8829\/revisions\/9048"}],"wp:featuredmedia":[{"embeddable":true,"href":"https:\/\/www.maxins.com\/cs\/wp-json\/wp\/v2\/media\/8474"}],"wp:attachment":[{"href":"https:\/\/www.maxins.com\/cs\/wp-json\/wp\/v2\/media?parent=8829"}],"wp:term":[{"taxonomy":"category","embeddable":true,"href":"https:\/\/www.maxins.com\/cs\/wp-json\/wp\/v2\/categories?post=8829"},{"taxonomy":"post_tag","embeddable":true,"href":"https:\/\/www.maxins.com\/cs\/wp-json\/wp\/v2\/tags?post=8829"}],"curies":[{"name":"wp","href":"https:\/\/api.w.org\/{rel}","templated":true}]}}