{"id":10015,"date":"2025-02-13T08:53:21","date_gmt":"2025-02-13T08:53:21","guid":{"rendered":"https:\/\/www.maxins.com\/erweiterung-der-maxins-gruppe-in-deutschland\/"},"modified":"2025-03-24T07:37:42","modified_gmt":"2025-03-24T07:37:42","slug":"erweiterung-der-maxins-gruppe-in-deutschland","status":"publish","type":"post","link":"https:\/\/www.maxins.com\/de\/erweiterung-der-maxins-gruppe-in-deutschland\/","title":{"rendered":"Erweiterung der MAXIN&#8217;S Gruppe in Deutschland"},"content":{"rendered":"\n<p>Die MAXIN&#8217;S Gruppe ist einer der <strong>Marktf\u00fchrer<\/strong> im Segment der Arbeitsvermittlung und Personaldienstleistungen <strong>in der Slowakei<\/strong>. Neben der Expansion zu unseren Nachbarn in der Tschechischen Republik haben wir <strong>im Jahr 2022<\/strong> auch schrittweise Aktivit\u00e4ten auf dem deutschen Personalmarkt aufgenommen. <\/p>\n\n<p><strong>Die MAXIN&#8217;S Gruppe <\/strong>ist als 100%iger Eigent\u00fcmer in Deutschland unter der <strong>neuen Marke Areon<\/strong> t\u00e4tig <strong>.<\/strong> Als Teil der <a href=\"https:\/\/www.areon.eu\" data-type=\"link\" data-id=\"https:\/\/www.areon.eu\">Areon Services GmbH <\/a>sind wir auf die \u00dcberlassung von Arbeitskr\u00e4ften f\u00fcr mittlere bis gro\u00dfe Logistik- und Produktionsunternehmen in Deutschland spezialisiert. <\/p>\n\n<p>Unsere <strong>Hauptrekrutierungsl\u00e4nder<\/strong> sind die Slowakei (65%) und die Tschechische Republik (35%) und wir sind derzeit in 4 der 16 deutschen Regionen Baden-W\u00fcrttemberg, Bayern, Saarland und Nordrhein-Westfalen aktiv.<\/p>\n\n<figure class=\"wp-block-image aligncenter size-large is-resized\"><img loading=\"lazy\" decoding=\"async\" width=\"1024\" height=\"683\" src=\"https:\/\/www.maxins.com\/wp-content\/uploads\/2025\/02\/Areon-Martin-Gasper-1024x683.png\" alt=\"\" class=\"wp-image-8035\" style=\"width:494px;height:auto\" srcset=\"https:\/\/www.maxins.com\/wp-content\/uploads\/2025\/02\/Areon-Martin-Gasper-1024x683.png 1024w, https:\/\/www.maxins.com\/wp-content\/uploads\/2025\/02\/Areon-Martin-Gasper-300x200.png 300w, https:\/\/www.maxins.com\/wp-content\/uploads\/2025\/02\/Areon-Martin-Gasper-768x512.png 768w, https:\/\/www.maxins.com\/wp-content\/uploads\/2025\/02\/Areon-Martin-Gasper-480x320.png 480w, https:\/\/www.maxins.com\/wp-content\/uploads\/2025\/02\/Areon-Martin-Gasper-992x661.png 992w, https:\/\/www.maxins.com\/wp-content\/uploads\/2025\/02\/Areon-Martin-Gasper-272x182.png 272w, https:\/\/www.maxins.com\/wp-content\/uploads\/2025\/02\/Areon-Martin-Gasper.png 1200w\" sizes=\"auto, (max-width: 1024px) 100vw, 1024px\" \/><figcaption class=\"wp-element-caption\">Martin Ga\u0161per, ein geb\u00fcrtiger Bardejov, ist der Leiter der Areon Services GmbH mit Sitz in M\u00fcnchen.<\/figcaption><\/figure>\n\n<h2 class=\"wp-block-heading\"><strong>Erste Schritte und gr\u00f6\u00dfte Herausforderungen in einem neuen Land<\/strong><\/h2>\n\n<p>Die Erschlie\u00dfung des neuen Marktes und die <strong>Einf\u00fchrung der neuen Marke<\/strong> erforderten in den ersten beiden Jahren <strong>erhebliche Investitionen<\/strong> in die Gemeinkosten des Unternehmens, in die materielle und technische Sicherheit sowie in die Marketingaktivit\u00e4ten.<\/p>\n\n<p>Die gr\u00f6\u00dfte Investition war jedoch das <strong>Humankapital,<\/strong> denn wir begannen das Unternehmen mit 18 Fachleuten. Zu dieser Zeit hatten wir nur einen Kunden und etwa 50 abgeordnete Zeitarbeiter (TEMPS) unter Vertrag. <\/p>\n\n<p>Die ersten zwei Jahre, in denen Areon als Newcomer auf dem deutschen Markt t\u00e4tig war, waren in der Tat eine Herausforderung. <strong>Der starke Wettbewerb, das<\/strong> langsame Wachstum von Neukunden und Ums\u00e4tzen sowie die hohen Betriebskosten f\u00fchrten schlie\u00dflich zu einer Umstrukturierung des Teams.<\/p>\n\n<p><strong><span style=\"text-decoration: underline;\">Kurze Zeitleiste:<\/span><\/strong><\/p>\n\n<ul class=\"wp-block-list\">\n<li>2022 &#8211; Firmengr\u00fcndung im Juni und 1. Kunde <\/li>\n\n\n\n<li>2023 &#8211; 9 Kunden und \u2205 148 TEMPS<\/li>\n\n\n\n<li>2024 &#8211; Umsatz +10 Millionen und erstmals positives wirtschaftliches Ergebnis <\/li>\n<\/ul>\n\n<p>Anfang 2024, als sich die Umstrukturierung des Teams und die Verfeinerung der Unternehmensprozesse positiv auswirkten, war alles &#8220;kaputt&#8220;.<\/p>\n\n<p>Der Kern unseres &#8222;DE-Teams&#8220; besteht heute aus 19 Spezialisten mit umfassender Erfahrung <strong>in der internationalen Personalbeschaffung<\/strong> und Personalvermittlung in Deutschland.<\/p>\n\n<figure class=\"wp-block-image aligncenter size-large is-resized\"><img loading=\"lazy\" decoding=\"async\" width=\"1024\" height=\"701\" src=\"https:\/\/www.maxins.com\/wp-content\/uploads\/2025\/02\/Screenshot-2025-02-07-at-11.15.25-1024x701.png\" alt=\"\" class=\"wp-image-7195\" style=\"width:493px;height:auto\" srcset=\"https:\/\/www.maxins.com\/wp-content\/uploads\/2025\/02\/Screenshot-2025-02-07-at-11.15.25-1024x701.png 1024w, https:\/\/www.maxins.com\/wp-content\/uploads\/2025\/02\/Screenshot-2025-02-07-at-11.15.25-300x205.png 300w, https:\/\/www.maxins.com\/wp-content\/uploads\/2025\/02\/Screenshot-2025-02-07-at-11.15.25-768x526.png 768w, https:\/\/www.maxins.com\/wp-content\/uploads\/2025\/02\/Screenshot-2025-02-07-at-11.15.25-1536x1052.png 1536w, https:\/\/www.maxins.com\/wp-content\/uploads\/2025\/02\/Screenshot-2025-02-07-at-11.15.25-2048x1403.png 2048w, https:\/\/www.maxins.com\/wp-content\/uploads\/2025\/02\/Screenshot-2025-02-07-at-11.15.25-480x329.png 480w, https:\/\/www.maxins.com\/wp-content\/uploads\/2025\/02\/Screenshot-2025-02-07-at-11.15.25-992x679.png 992w, https:\/\/www.maxins.com\/wp-content\/uploads\/2025\/02\/Screenshot-2025-02-07-at-11.15.25-1200x822.png 1200w\" sizes=\"auto, (max-width: 1024px) 100vw, 1024px\" \/><\/figure>\n\n<h2 class=\"wp-block-heading\"><strong>Erfolgreiche Kooperationen mit gro\u00dfen Unternehmen<\/strong><\/h2>\n\n<p>Das Logistiksegment ist in unserem Portfolio am st\u00e4rksten vertreten, gefolgt von der Fertigung und dem Maschinenbau. <strong>Wir sind derzeit mit 14 Kunden<\/strong> in Deutschland <strong>aktiv<\/strong>. Zu unseren gr\u00f6\u00dften Projekten geh\u00f6ren Kooperationen mit globalen Firmenkunden:  <\/p>\n\n<ul class=\"wp-block-list\">\n<li><strong>Die Husqvarna-Gruppe<\/strong>, der wir seit langem Personal f\u00fcr 3 Logistikzentren in der Umgebung von Ulm zur Verf\u00fcgung stellen, besch\u00e4ftigt in der Hochsaison ann\u00e4hernd 200 Zeitarbeitskr\u00e4fte. Dabei handelt es sich haupts\u00e4chlich um Lageristen, Kommissionierer, Staplerfahrer und Retraktoren. <\/li>\n\n\n\n<li>Ein weiterer stabiler Partner von Areon ist <strong>DHL Supply Chain<\/strong>, wo wir gro\u00dfe Logistikzentren mit Personal unterst\u00fctzen.<\/li>\n\n\n\n<li>Unser neuester Kunde ist <strong>JYSK<\/strong> <strong>,<\/strong> dem wir geholfen haben, den Personalbedarf und die Fluktuation in seinem gr\u00f6\u00dften Vertriebszentrum in Deutschland bis Ende 2024 zu stabilisieren. Bei diesem (noch frischen) Projekt k\u00f6nnen wir unsere wichtigsten Vorteile f\u00fcr deutsche Unternehmen demonstrieren: <\/li>\n<\/ul>\n\n<h3 class=\"wp-block-heading\"><strong>Die wichtigsten Vorteile f\u00fcr unsere Partner in Deutschland<\/strong><\/h3>\n\n<ul class=\"wp-block-list\">\n<li><strong>Konsequente Auswahl von<\/strong> Kandidaten und regelm\u00e4\u00dfige (w\u00f6chentliche) Lieferung von motivierteren Mitarbeitern<\/li>\n\n\n\n<li><strong>Erstklassige Mitarbeiterbetreuung<\/strong> \u2192 von der Ankunft in Deutschland \u00fcber die Unterbringung, administrative Angelegenheiten und Unterst\u00fctzung in Routine- und Notfallsituationen bis hin zum Ende des Arbeitsverh\u00e4ltnisses. pomeru <\/li>\n\n\n\n<li><strong>Hohe Leistung<\/strong> \u2192 unsere Mitarbeiter vers\u00e4umen keine Stunden, im Gegenteil, sie sind bereit, \u00dcberstunden zu machen + laut Teamleiters &#8220;leisten sie 2x mehr Arbeit in der gleichen Zeit als ein normaler Mitarbeiter&#8220;<\/li>\n\n\n\n<li><strong>Geringe Personalfluktuation<\/strong> \u2192 langfristig unter dem Branchendurchschnitt<\/li>\n<\/ul>\n\n<figure class=\"wp-block-video\"><video height=\"1360\" style=\"aspect-ratio: 1980 \/ 1360;\" width=\"1980\" autoplay=\"\" loop=\"\" src=\"https:\/\/www.maxins.com\/wp-content\/uploads\/2025\/02\/web_ilustraky_v1-2.mp4\" playsinline=\"\"><\/video><\/figure>\n\n<h3 class=\"wp-block-heading\"><strong>Unser Ziel ist es, \u00fcber Qualit\u00e4t zu konkurrieren, nicht \u00fcber den niedrigsten Preis.<\/strong><\/h3>\n\n<p>Unsere Politik basiert <strong>auf dem Mehrwert<\/strong>, den Arbeitnehmer aus unserer Region nach Deutschland bringen, kombiniert mit einer hervorragenden Unterst\u00fctzung (sowohl f\u00fcr Arbeitnehmer als auch f\u00fcr Kunden) und hoher Flexibilit\u00e4t.<\/p>\n\n<p>Wir sind nicht daran interessiert, <strong>mit &#8222;Dumpingpreisen&#8220; zu konkurrieren, denn<\/strong> wir wollen unsere Qualit\u00e4tsstandards nicht senken. Wir bevorzugen Win-Win-Win-L\u00f6sungen, bei denen am Ende des Tages alle beteiligten Parteien zufrieden sind: Kunde &#8211; Mitarbeiter &#8211; Agentur. <\/p>\n\n<p><strong>Unser Ansatz<\/strong> st\u00f6\u00dft bei den Einkaufsabteilungen potenzieller Kunden nicht immer auf Verst\u00e4ndnis, leider wiederholt sich das Szenario in den meisten F\u00e4llen:<\/p>\n\n<ul class=\"wp-block-list\">\n<li>aufgrund eines Mangels an qualifizierten Arbeitskr\u00e4ften<\/li>\n\n\n\n<li>geringe Leistung<\/li>\n\n\n\n<li>oder hoher Umsatz<\/li>\n<\/ul>\n\n<p>Das &#8220;eingesparte&#8220; Geld wird in noch gr\u00f6\u00dferem Umfang woanders hingehen, weil die Waren nicht in der erforderlichen Qualit\u00e4t und Geschwindigkeit exportiert oder produziert werden.<\/p>\n\n<p><\/p>\n\n<h2 class=\"wp-block-heading\"><strong>Mehr \u00fcber den Leiharbeitsmarkt in Deutschland<\/strong><\/h2>\n\n<p>Interessante Fakten:<\/p>\n\n<ul class=\"wp-block-list\">\n<li>In Deutschland gibt es etwa <strong>5.600 Unternehmen<\/strong>, die im Bereich der Personaldienstleistungen t\u00e4tig sind, aber nur etwa 5% dieser Unternehmen besch\u00e4ftigen mehr als 100 Mitarbeiter.<\/li>\n\n\n\n<li><strong>Das Volumen des Zeitarbeitsmarktes<\/strong> betr\u00e4gt <strong>etwa 35 Milliarden Euro<\/strong>, wobei die 80 gr\u00f6\u00dften Unternehmen etwa 40 % des Umsatzes auf sich vereinen.<\/li>\n\n\n\n<li>Leiharbeiter machen etwa<strong> 2% aller Besch\u00e4ftigten<\/strong> in Deutschland aus<strong>.<\/strong> Etwa 30 % der deutschen Zeitarbeiter arbeiten in der Transport- und Logistikbranche.<\/li>\n\n\n\n<li>Knapp 14% der Leiharbeiter <strong>kommen aus dem Ausland.<\/strong> Das wichtigste Herkunftsland ist Polen.<\/li>\n<\/ul>\n\n<figure class=\"wp-block-image aligncenter size-large is-resized\"><img loading=\"lazy\" decoding=\"async\" width=\"1024\" height=\"683\" src=\"https:\/\/www.maxins.com\/wp-content\/uploads\/2025\/02\/Pocet-agenturnych-zamestnancov-v-Nemecku-1024x683.png\" alt=\"\" class=\"wp-image-8039\" style=\"width:768px;height:auto\" srcset=\"https:\/\/www.maxins.com\/wp-content\/uploads\/2025\/02\/Pocet-agenturnych-zamestnancov-v-Nemecku-1024x683.png 1024w, https:\/\/www.maxins.com\/wp-content\/uploads\/2025\/02\/Pocet-agenturnych-zamestnancov-v-Nemecku-300x200.png 300w, https:\/\/www.maxins.com\/wp-content\/uploads\/2025\/02\/Pocet-agenturnych-zamestnancov-v-Nemecku-768x512.png 768w, https:\/\/www.maxins.com\/wp-content\/uploads\/2025\/02\/Pocet-agenturnych-zamestnancov-v-Nemecku-1536x1024.png 1536w, https:\/\/www.maxins.com\/wp-content\/uploads\/2025\/02\/Pocet-agenturnych-zamestnancov-v-Nemecku-480x320.png 480w, https:\/\/www.maxins.com\/wp-content\/uploads\/2025\/02\/Pocet-agenturnych-zamestnancov-v-Nemecku-992x661.png 992w, https:\/\/www.maxins.com\/wp-content\/uploads\/2025\/02\/Pocet-agenturnych-zamestnancov-v-Nemecku-1200x800.png 1200w, https:\/\/www.maxins.com\/wp-content\/uploads\/2025\/02\/Pocet-agenturnych-zamestnancov-v-Nemecku-272x182.png 272w, https:\/\/www.maxins.com\/wp-content\/uploads\/2025\/02\/Pocet-agenturnych-zamestnancov-v-Nemecku.png 1800w\" sizes=\"auto, (max-width: 1024px) 100vw, 1024px\" \/><\/figure>\n\n<p><strong>Der gr\u00f6\u00dfte Verband von<\/strong> Personaldienstleistern, der die Interessen der Agenturen im Bereich Zeitarbeit, Personalvermittlung und Personaldienstleistungen vertritt, ist der <strong>GVP<\/strong> (Gesamtverband der Personaldienstleister e.V.), dem wir seit seiner Gr\u00fcndung angeh\u00f6ren.<\/p>\n\n<p>Derzeit k\u00e4mpft GVP aktiv f\u00fcr eine <strong>Lockerung der<\/strong> <strong>strengen B\u00fcrokratie<\/strong>, Diskriminierung und Regulierung der Zeitarbeit in Deutschland, da die derzeitige Gesetzeslage die Flexibilit\u00e4t und Wettbewerbsf\u00e4higkeit deutscher Unternehmen behindert.<\/p>\n\n<p><\/p>\n\n<h2 class=\"wp-block-heading\"><strong>Weitere Entwicklung und Zukunft der MAXIN&#8217;S Gruppe in Deutschland<\/strong><\/h2>\n\n<p>Obwohl sich die deutsche Wirtschaft in einem Abschwung befindet und das Volumen der Leiharbeit in Deutschland in den letzten Jahren aus den oben genannten Gr\u00fcnden r\u00fcckl\u00e4ufig war, ist es uns gelungen, <strong>im Vergleich zum Vorjahr zu wachsen.<\/strong><\/p>\n\n<p>Die Qualit\u00e4t unserer Dienstleistung findet allm\u00e4hlich die Anerkennung, die sie verdient, und unsere deutschen Partner <strong>empfehlen<\/strong> uns <strong>nach und nach<\/strong> anderen Unternehmen, die auf der Suche nach erstklassigen Personallieferanten sind.<\/p>\n\n<p>Ab Dezember 2024 verf\u00fcgen wir \u00fcber eine <strong>unbefristete Zeitarbeitslizenz<\/strong> in Deutschland, deren Erteilung ein weiterer wichtiger Meilenstein f\u00fcr unsere Expansion in \u00dcbersee war.<\/p>\n\n<p>Unsere hohen Ambitionen in Deutschland werden durch unsere Prognose f\u00fcr 2025 unterstrichen, die ein Wachstum von mindestens 50% im Vergleich zum Vorjahr vorsieht. Wir konnten das Kalenderjahr mit einem neuen Rekord beginnen, indem Areon <strong>im Januar 2025<\/strong> fast <strong>200 neue Mitarbeiter<\/strong> an seine Partner \u00fcbergeben hat <strong>.<\/strong> <\/p>\n\n<div class=\"wp-block-columns is-layout-flex wp-container-core-columns-is-layout-28f84493 wp-block-columns-is-layout-flex\">\n<div class=\"wp-block-column is-layout-flow wp-block-column-is-layout-flow\">\n<figure class=\"wp-block-embed is-type-video is-provider-youtube wp-block-embed-youtube wp-embed-aspect-16-9 wp-has-aspect-ratio\"><div class=\"wp-block-embed__wrapper\">\n<iframe loading=\"lazy\" title=\"Vorstellung von Areon Services GmbH\" width=\"500\" height=\"281\" data-cookieconsent=\"pr\u00e4ferenzen, statistik, Marketing\" data-src=\"https:\/\/www.youtube.com\/embed\/MC-_HdizxCE?start=7&#038;feature=oembed\" frameborder=\"0\" allow=\"accelerometer; autoplay; clipboard-write; encrypted-media; gyroscope; picture-in-picture; web-share\" referrerpolicy=\"strict-origin-when-cross-origin\" allowfullscreen><\/iframe><div class=\"cookieconsent-optout-preferences cookieconsent-optout-statistics cookieconsent-optout-marketing\"><\/div>\n<\/div><figcaption class=\"wp-element-caption\">Wir stellen Ihnen die Areon Services GmbH vor<\/figcaption><\/figure>\n<\/div>\n\n\n\n<div class=\"wp-block-column is-layout-flow wp-block-column-is-layout-flow\">\n<figure class=\"wp-block-embed is-type-video is-provider-youtube wp-block-embed-youtube wp-embed-aspect-16-9 wp-has-aspect-ratio\"><div class=\"wp-block-embed__wrapper\">\n<iframe loading=\"lazy\" title=\"S na\u0161ou podporou to v Nemecku zvl\u00e1dnete\" width=\"500\" height=\"281\" data-cookieconsent=\"pr\u00e4ferenzen, statistik, Marketing\" data-src=\"https:\/\/www.youtube.com\/embed\/unQwjnm7Vmo?start=17&#038;feature=oembed\" frameborder=\"0\" allow=\"accelerometer; autoplay; clipboard-write; encrypted-media; gyroscope; picture-in-picture; web-share\" referrerpolicy=\"strict-origin-when-cross-origin\" allowfullscreen><\/iframe><div class=\"cookieconsent-optout-preferences cookieconsent-optout-statistics cookieconsent-optout-marketing\"><\/div>\n<\/div><figcaption class=\"wp-element-caption\">Erfahrungen unserer Mitarbeiter in Deutschland<\/figcaption><\/figure>\n<\/div>\n<\/div>\n\n<hr class=\"wp-block-separator has-alpha-channel-opacity\"\/>\n<div style=\"font-size:19px; padding-top:0;padding-bottom:0;padding-left:0;padding-right:0;\" class=\"has-text-align-left wp-block-post-author\"><div class=\"wp-block-post-author__avatar\"><img alt='' src='https:\/\/secure.gravatar.com\/avatar\/d4822c9fd1c870c55934b8adec4920bad22f4ec1d0a9def0d36bc8ba199fcf2c?s=48&#038;d=mm&#038;r=g' srcset='https:\/\/secure.gravatar.com\/avatar\/d4822c9fd1c870c55934b8adec4920bad22f4ec1d0a9def0d36bc8ba199fcf2c?s=96&#038;d=mm&#038;r=g 2x' class='avatar avatar-48 photo' height='48' width='48' \/><\/div><div class=\"wp-block-post-author__content\"><p class=\"wp-block-post-author__byline\"><em>Autor<\/em><\/p><p class=\"wp-block-post-author__name\">Juraj Wertlen<\/p><p class=\"wp-block-post-author__bio\"><\/p><\/div><\/div>","protected":false},"excerpt":{"rendered":"<p>In Deutschland gibt es 5.600 registrierte Personaldienstleister. Wie schafft man von der Slowakei aus den Durchbruch in der Zeitarbeitsbranche in der viertst\u00e4rksten Volkswirtschaft der Welt?  <\/p>\n","protected":false},"author":4,"featured_media":8476,"comment_status":"open","ping_status":"open","sticky":false,"template":"","format":"standard","meta":{"_acf_changed":false,"footnotes":""},"categories":[86],"tags":[],"class_list":["post-10015","post","type-post","status-publish","format-standard","has-post-thumbnail","hentry","category-maxins-nachrichten"],"acf":[],"yoast_head":"<!-- This site is optimized with the Yoast SEO plugin v25.3.1 - https:\/\/yoast.com\/wordpress\/plugins\/seo\/ -->\n<title>Erweiterung der MAXIN&#039;S Gruppe in Deutschland - MAXIN\u2019S<\/title>\n<meta name=\"robots\" content=\"index, follow, max-snippet:-1, max-image-preview:large, max-video-preview:-1\" \/>\n<link rel=\"canonical\" href=\"https:\/\/www.maxins.com\/de\/erweiterung-der-maxins-gruppe-in-deutschland\/\" \/>\n<meta property=\"og:locale\" content=\"de_DE\" \/>\n<meta property=\"og:type\" content=\"article\" \/>\n<meta property=\"og:title\" content=\"Erweiterung der MAXIN&#039;S Gruppe in Deutschland - MAXIN\u2019S\" \/>\n<meta property=\"og:description\" content=\"In Deutschland gibt es 5.600 registrierte Personaldienstleister. Wie schafft man von der Slowakei aus den Durchbruch in der Zeitarbeitsbranche in der viertst\u00e4rksten Volkswirtschaft der Welt?\" \/>\n<meta property=\"og:url\" content=\"https:\/\/www.maxins.com\/de\/erweiterung-der-maxins-gruppe-in-deutschland\/\" \/>\n<meta property=\"og:site_name\" content=\"MAXIN\u2019S\" \/>\n<meta property=\"article:published_time\" content=\"2025-02-13T08:53:21+00:00\" \/>\n<meta property=\"article:modified_time\" content=\"2025-03-24T07:37:42+00:00\" \/>\n<meta property=\"og:image\" content=\"https:\/\/www.maxins.com\/wp-content\/uploads\/2025\/02\/Areon-nemecko.png\" \/>\n\t<meta property=\"og:image:width\" content=\"1200\" \/>\n\t<meta property=\"og:image:height\" content=\"800\" \/>\n\t<meta property=\"og:image:type\" content=\"image\/png\" \/>\n<meta name=\"author\" content=\"Juraj Wertlen\" \/>\n<meta name=\"twitter:card\" content=\"summary_large_image\" \/>\n<meta name=\"twitter:label1\" content=\"Verfasst von\" \/>\n\t<meta name=\"twitter:data1\" content=\"Juraj Wertlen\" \/>\n\t<meta name=\"twitter:label2\" content=\"Gesch\u00e4tzte Lesezeit\" \/>\n\t<meta name=\"twitter:data2\" content=\"5\u00a0Minuten\" \/>\n<script type=\"application\/ld+json\" class=\"yoast-schema-graph\">{\"@context\":\"https:\/\/schema.org\",\"@graph\":[{\"@type\":\"WebPage\",\"@id\":\"https:\/\/www.maxins.com\/de\/erweiterung-der-maxins-gruppe-in-deutschland\/\",\"url\":\"https:\/\/www.maxins.com\/de\/erweiterung-der-maxins-gruppe-in-deutschland\/\",\"name\":\"Erweiterung der MAXIN'S Gruppe in Deutschland - MAXIN\u2019S\",\"isPartOf\":{\"@id\":\"https:\/\/www.maxins.com\/#website\"},\"primaryImageOfPage\":{\"@id\":\"https:\/\/www.maxins.com\/de\/erweiterung-der-maxins-gruppe-in-deutschland\/#primaryimage\"},\"image\":{\"@id\":\"https:\/\/www.maxins.com\/de\/erweiterung-der-maxins-gruppe-in-deutschland\/#primaryimage\"},\"thumbnailUrl\":\"https:\/\/www.maxins.com\/wp-content\/uploads\/2025\/02\/Areon-nemecko.png\",\"datePublished\":\"2025-02-13T08:53:21+00:00\",\"dateModified\":\"2025-03-24T07:37:42+00:00\",\"author\":{\"@id\":\"https:\/\/www.maxins.com\/#\/schema\/person\/9f46def9fdbf3761483e22f9726a6a94\"},\"breadcrumb\":{\"@id\":\"https:\/\/www.maxins.com\/de\/erweiterung-der-maxins-gruppe-in-deutschland\/#breadcrumb\"},\"inLanguage\":\"de\",\"potentialAction\":[{\"@type\":\"ReadAction\",\"target\":[\"https:\/\/www.maxins.com\/de\/erweiterung-der-maxins-gruppe-in-deutschland\/\"]}]},{\"@type\":\"ImageObject\",\"inLanguage\":\"de\",\"@id\":\"https:\/\/www.maxins.com\/de\/erweiterung-der-maxins-gruppe-in-deutschland\/#primaryimage\",\"url\":\"https:\/\/www.maxins.com\/wp-content\/uploads\/2025\/02\/Areon-nemecko.png\",\"contentUrl\":\"https:\/\/www.maxins.com\/wp-content\/uploads\/2025\/02\/Areon-nemecko.png\",\"width\":1200,\"height\":800,\"caption\":\"Areon nemecko\"},{\"@type\":\"BreadcrumbList\",\"@id\":\"https:\/\/www.maxins.com\/de\/erweiterung-der-maxins-gruppe-in-deutschland\/#breadcrumb\",\"itemListElement\":[{\"@type\":\"ListItem\",\"position\":1,\"name\":\"Domovsk\u00e1 str\u00e1nka\",\"item\":\"https:\/\/www.maxins.com\/de\/\"},{\"@type\":\"ListItem\",\"position\":2,\"name\":\"Erweiterung der MAXIN&#8217;S Gruppe in Deutschland\"}]},{\"@type\":\"WebSite\",\"@id\":\"https:\/\/www.maxins.com\/#website\",\"url\":\"https:\/\/www.maxins.com\/\",\"name\":\"MAXIN\u2019S\",\"description\":\"\",\"potentialAction\":[{\"@type\":\"SearchAction\",\"target\":{\"@type\":\"EntryPoint\",\"urlTemplate\":\"https:\/\/www.maxins.com\/?s={search_term_string}\"},\"query-input\":{\"@type\":\"PropertyValueSpecification\",\"valueRequired\":true,\"valueName\":\"search_term_string\"}}],\"inLanguage\":\"de\"},{\"@type\":\"Person\",\"@id\":\"https:\/\/www.maxins.com\/#\/schema\/person\/9f46def9fdbf3761483e22f9726a6a94\",\"name\":\"Juraj Wertlen\",\"image\":{\"@type\":\"ImageObject\",\"inLanguage\":\"de\",\"@id\":\"https:\/\/www.maxins.com\/#\/schema\/person\/image\/\",\"url\":\"https:\/\/secure.gravatar.com\/avatar\/d4822c9fd1c870c55934b8adec4920bad22f4ec1d0a9def0d36bc8ba199fcf2c?s=96&d=mm&r=g\",\"contentUrl\":\"https:\/\/secure.gravatar.com\/avatar\/d4822c9fd1c870c55934b8adec4920bad22f4ec1d0a9def0d36bc8ba199fcf2c?s=96&d=mm&r=g\",\"caption\":\"Juraj Wertlen\"},\"url\":\"https:\/\/www.maxins.com\/de\/author\/juraj-wertlen\/\"}]}<\/script>\n<!-- \/ Yoast SEO plugin. -->","yoast_head_json":{"title":"Erweiterung der MAXIN'S Gruppe in Deutschland - MAXIN\u2019S","robots":{"index":"index","follow":"follow","max-snippet":"max-snippet:-1","max-image-preview":"max-image-preview:large","max-video-preview":"max-video-preview:-1"},"canonical":"https:\/\/www.maxins.com\/de\/erweiterung-der-maxins-gruppe-in-deutschland\/","og_locale":"de_DE","og_type":"article","og_title":"Erweiterung der MAXIN'S Gruppe in Deutschland - MAXIN\u2019S","og_description":"In Deutschland gibt es 5.600 registrierte Personaldienstleister. Wie schafft man von der Slowakei aus den Durchbruch in der Zeitarbeitsbranche in der viertst\u00e4rksten Volkswirtschaft der Welt?","og_url":"https:\/\/www.maxins.com\/de\/erweiterung-der-maxins-gruppe-in-deutschland\/","og_site_name":"MAXIN\u2019S","article_published_time":"2025-02-13T08:53:21+00:00","article_modified_time":"2025-03-24T07:37:42+00:00","og_image":[{"width":1200,"height":800,"url":"https:\/\/www.maxins.com\/wp-content\/uploads\/2025\/02\/Areon-nemecko.png","type":"image\/png"}],"author":"Juraj Wertlen","twitter_card":"summary_large_image","twitter_misc":{"Verfasst von":"Juraj Wertlen","Gesch\u00e4tzte Lesezeit":"5\u00a0Minuten"},"schema":{"@context":"https:\/\/schema.org","@graph":[{"@type":"WebPage","@id":"https:\/\/www.maxins.com\/de\/erweiterung-der-maxins-gruppe-in-deutschland\/","url":"https:\/\/www.maxins.com\/de\/erweiterung-der-maxins-gruppe-in-deutschland\/","name":"Erweiterung der MAXIN'S Gruppe in Deutschland - MAXIN\u2019S","isPartOf":{"@id":"https:\/\/www.maxins.com\/#website"},"primaryImageOfPage":{"@id":"https:\/\/www.maxins.com\/de\/erweiterung-der-maxins-gruppe-in-deutschland\/#primaryimage"},"image":{"@id":"https:\/\/www.maxins.com\/de\/erweiterung-der-maxins-gruppe-in-deutschland\/#primaryimage"},"thumbnailUrl":"https:\/\/www.maxins.com\/wp-content\/uploads\/2025\/02\/Areon-nemecko.png","datePublished":"2025-02-13T08:53:21+00:00","dateModified":"2025-03-24T07:37:42+00:00","author":{"@id":"https:\/\/www.maxins.com\/#\/schema\/person\/9f46def9fdbf3761483e22f9726a6a94"},"breadcrumb":{"@id":"https:\/\/www.maxins.com\/de\/erweiterung-der-maxins-gruppe-in-deutschland\/#breadcrumb"},"inLanguage":"de","potentialAction":[{"@type":"ReadAction","target":["https:\/\/www.maxins.com\/de\/erweiterung-der-maxins-gruppe-in-deutschland\/"]}]},{"@type":"ImageObject","inLanguage":"de","@id":"https:\/\/www.maxins.com\/de\/erweiterung-der-maxins-gruppe-in-deutschland\/#primaryimage","url":"https:\/\/www.maxins.com\/wp-content\/uploads\/2025\/02\/Areon-nemecko.png","contentUrl":"https:\/\/www.maxins.com\/wp-content\/uploads\/2025\/02\/Areon-nemecko.png","width":1200,"height":800,"caption":"Areon nemecko"},{"@type":"BreadcrumbList","@id":"https:\/\/www.maxins.com\/de\/erweiterung-der-maxins-gruppe-in-deutschland\/#breadcrumb","itemListElement":[{"@type":"ListItem","position":1,"name":"Domovsk\u00e1 str\u00e1nka","item":"https:\/\/www.maxins.com\/de\/"},{"@type":"ListItem","position":2,"name":"Erweiterung der MAXIN&#8217;S Gruppe in Deutschland"}]},{"@type":"WebSite","@id":"https:\/\/www.maxins.com\/#website","url":"https:\/\/www.maxins.com\/","name":"MAXIN\u2019S","description":"","potentialAction":[{"@type":"SearchAction","target":{"@type":"EntryPoint","urlTemplate":"https:\/\/www.maxins.com\/?s={search_term_string}"},"query-input":{"@type":"PropertyValueSpecification","valueRequired":true,"valueName":"search_term_string"}}],"inLanguage":"de"},{"@type":"Person","@id":"https:\/\/www.maxins.com\/#\/schema\/person\/9f46def9fdbf3761483e22f9726a6a94","name":"Juraj Wertlen","image":{"@type":"ImageObject","inLanguage":"de","@id":"https:\/\/www.maxins.com\/#\/schema\/person\/image\/","url":"https:\/\/secure.gravatar.com\/avatar\/d4822c9fd1c870c55934b8adec4920bad22f4ec1d0a9def0d36bc8ba199fcf2c?s=96&d=mm&r=g","contentUrl":"https:\/\/secure.gravatar.com\/avatar\/d4822c9fd1c870c55934b8adec4920bad22f4ec1d0a9def0d36bc8ba199fcf2c?s=96&d=mm&r=g","caption":"Juraj Wertlen"},"url":"https:\/\/www.maxins.com\/de\/author\/juraj-wertlen\/"}]}},"_links":{"self":[{"href":"https:\/\/www.maxins.com\/de\/wp-json\/wp\/v2\/posts\/10015","targetHints":{"allow":["GET"]}}],"collection":[{"href":"https:\/\/www.maxins.com\/de\/wp-json\/wp\/v2\/posts"}],"about":[{"href":"https:\/\/www.maxins.com\/de\/wp-json\/wp\/v2\/types\/post"}],"author":[{"embeddable":true,"href":"https:\/\/www.maxins.com\/de\/wp-json\/wp\/v2\/users\/4"}],"replies":[{"embeddable":true,"href":"https:\/\/www.maxins.com\/de\/wp-json\/wp\/v2\/comments?post=10015"}],"version-history":[{"count":1,"href":"https:\/\/www.maxins.com\/de\/wp-json\/wp\/v2\/posts\/10015\/revisions"}],"predecessor-version":[{"id":10016,"href":"https:\/\/www.maxins.com\/de\/wp-json\/wp\/v2\/posts\/10015\/revisions\/10016"}],"wp:featuredmedia":[{"embeddable":true,"href":"https:\/\/www.maxins.com\/de\/wp-json\/wp\/v2\/media\/8476"}],"wp:attachment":[{"href":"https:\/\/www.maxins.com\/de\/wp-json\/wp\/v2\/media?parent=10015"}],"wp:term":[{"taxonomy":"category","embeddable":true,"href":"https:\/\/www.maxins.com\/de\/wp-json\/wp\/v2\/categories?post=10015"},{"taxonomy":"post_tag","embeddable":true,"href":"https:\/\/www.maxins.com\/de\/wp-json\/wp\/v2\/tags?post=10015"}],"curies":[{"name":"wp","href":"https:\/\/api.w.org\/{rel}","templated":true}]}}