{"id":13752,"date":"2026-03-20T12:00:59","date_gmt":"2026-03-20T12:00:59","guid":{"rendered":"https:\/\/www.maxins.com\/peter-beck-over-de-toekomst-van-maxins-hoe-we-onze-positie-als-marktleider-in-slowakije-cz-en-de-versterken\/"},"modified":"2026-03-20T12:00:59","modified_gmt":"2026-03-20T12:00:59","slug":"peter-beck-over-de-toekomst-van-maxins-hoe-we-onze-positie-als-marktleider-in-slowakije-cz-en-de-versterken","status":"publish","type":"post","link":"https:\/\/www.maxins.com\/nl\/peter-beck-over-de-toekomst-van-maxins-hoe-we-onze-positie-als-marktleider-in-slowakije-cz-en-de-versterken\/","title":{"rendered":"Peter Beck over de toekomst van MAXIN&#8217;S: Hoe we onze positie als marktleider in Slowakije, CZ en DE versterken"},"content":{"rendered":"<h2 class=\"text-xl font-bold text-text-100 mt-1 -mb-0.5\">MAXIN&#8217;S strategische uitbreiding: de visie van een zakelijk leider voor de MOE-regio<\/h2>\n<p class=\"whitespace-normal break-words\">Beck, die als Sales Director CEE in gerenommeerde bedrijven heeft gewerkt, brengt MAXIN&#8217;S zowel strategische knowhow als een sterk netwerk van contacten op de Europese markten. Onder zijn leiding voert het bedrijf ambitieuze plannen uit voor regionale uitbreiding en diversificatie van de dienstenportfolio. <\/p>\n<h3 class=\"text-lg font-bold text-text-100 mt-1 -mb-1.5\">Wie is Peter Beck?<\/h3>\n<p class=\"whitespace-normal break-words\">Peter Beck is een van de erkende persoonlijkheden van het Slowaakse bedrijfsleven. Hij is actief lid van de <strong>Zweedse Kamer van Koophandel in Slowakije<\/strong>, adviseur van de voorzitter van ZMOS voor onderwijseconomie en adviseur van de voorzitter van KZPS \u010cR voor werkgelegenheid en arbeidsmarkt. Naast zijn zakelijke activiteiten is hij ook betrokken bij filantropie &#8211; hij steunt al lange tijd projecten voor kinderen en jongeren, waaronder programma&#8217;s in kleuterscholen en het Nationaal Instituut voor Kinderziekten.  <\/p>\n<hr class=\"border-border-300 my-2\">\n<h2 class=\"text-xl font-bold text-text-100 mt-1 -mb-0.5\">Exclusief interview: marketingdirecteur &#8211; Jaro interviewde Peter Beck<\/h2>\n<p><img loading=\"lazy\" decoding=\"async\" class=\"alignnone wp-image-11888 size-large\" src=\"https:\/\/www.maxins.com\/wp-content\/uploads\/2025\/11\/IMG_0775-1024x768.jpg\" alt=\"\" width=\"1024\" height=\"768\"><\/p>\n<h3 class=\"text-lg font-bold text-text-100 mt-1 -mb-1.5\">1. Peter, wat heeft je bij MAXIN&#8217;S gebracht en wat sprak je het meeste aan in deze kans?<\/h3>\n<p class=\"whitespace-normal break-words\">&#8220;Door mijn jarenlange ervaring, relaties en reputatie in een succesvol familiebedrijf toe te passen &#8211; zie ik MAXIN&#8217;S niet alleen als een leider op de Slowaakse arbeidsmarkt, maar ook als een modern Europees bedrijf dat een grote kans heeft om een van de arbeidsmarktleiders van de EU te worden voor flexibele arbeidsmarktoplossingen,&#8221; antwoordt Beck aan het begin van ons interview.<\/p>\n<h3 class=\"text-lg font-bold text-text-100 mt-1 -mb-1.5\">2. Wat zijn je belangrijkste doelen voor bedrijfsontwikkeling in Slowakije, Tsjechi\u00eb en Duitsland?<\/h3>\n<p class=\"whitespace-normal break-words\">&#8220;Onze portfolio van klanten en diensten diversifi\u00ebren, nieuwe projecten ontwikkelen die onze klanten meer ruimte geven voor flexibiliteit van het personeelsbestand en opleiding van het personeel. Opbouwen van MAXIN&#8217;S <strong>talentenpool van kandidaten<\/strong> in samenwerking met het duale systeem en bovenbedrijfse opleidingscentra, samenwerking opzetten met klanten bij onze partners buiten de EU voor professionele opleiding van kandidaten. Bouwen aan het merk MAXIN&#8217;S en AREON als een merk van betrouwbaarheid, stabiliteit en eerlijkheid en bovenal langdurige samenwerking en vriendschap.&#8221;  <\/p>\n<h3 class=\"text-lg font-bold text-text-100 mt-1 -mb-1.5\">3. Je hebt uitgebreide ervaring in de internationale HR- en salessector. Welke momenten uit je carri\u00e8re vind je het belangrijkst? <\/h3>\n<p class=\"whitespace-normal break-words\">&#8220;Ik heb zowel in internationale bedrijven als in de economische diplomatie gewerkt, ik ken de markt van elk land, de mentaliteit van managers en mensen in elk land, en last but not least, ik heb de kans gekregen om met geweldige professionals te werken die me hebben geholpen om me voortdurend te verbeteren&#8221;, zegt Beck over zijn professionele mijlpalen tot nu toe.<\/p>\n<h3 class=\"text-lg font-bold text-text-100 mt-1 -mb-1.5\">4. Hoe ziet u de verschillen tussen de markten in SR, CZ en DE &#8211; en hoe bent u van plan deze commercieel te benutten?<\/h3>\n<p class=\"whitespace-normal break-words\">&#8220;De Tsjechische en Slowaakse economie\u00ebn zijn open economie\u00ebn en grotendeels afhankelijk van de productie- en kapitaalmarkten van Duitsland, de VS en Azi\u00eb. Elke markt is specifiek, maar elke markt heeft behoefte aan geschoolde en flexibele werknemers. Mijn doel is om projecten zo aan te pakken dat we een partner zijn voor multinationals in elk land waar ze actief zijn. Ten tweede, om projectoplossingen te diversifi\u00ebren naar gebieden waar HR-bureaus niet hard pushen &#8211; zoals gezondheidszorg, sociale diensten, onderwijs, outsourcingoplossingen voor materiaalverplaatsingen en -stromen, landbouw en detailhandel.&#8221;   <\/p>\n<h3 class=\"text-lg font-bold text-text-100 mt-1 -mb-1.5\">5. Wat is volgens jou het belangrijkste bij het opbouwen van langdurige relaties met klanten?<\/h3>\n<p class=\"whitespace-normal break-words\">&#8220;Professionaliteit, vertrouwen, nederigheid en het vermogen om te luisteren naar de behoeften van klanten en een hoge mate van tolerantie en discipline&#8221;, zo omschrijft Beck zijn benadering van klantrelaties.<\/p>\n<h3 class=\"text-lg font-bold text-text-100 mt-1 -mb-1.5\">6. Welke waarden zijn voor jou het belangrijkst op het werk &#8211; en hoe wil je die overbrengen op het MAXIN&#8217;S team?<\/h3>\n<p class=\"whitespace-normal break-words\">&#8220;Nederigheid, zelfreflectie, vasthoudendheid en innovatie, en bovenal teamwork,&#8221; somt Beck de waarden op die hij als essentieel beschouwt.<\/p>\n<h3 class=\"text-lg font-bold text-text-100 mt-1 -mb-1.5\">7. We weten dat je ook betrokken bent bij non-profitprojecten voor kinderen en jongeren. Kun je ons daar meer over vertellen? <\/h3>\n<p class=\"whitespace-normal break-words\">&#8220;Ik ben ook een &#8216;kleine filantroop&#8217; &#8211; al meer dan 10 jaar steun ik samen met mijn partners de ontwikkeling van kinderen in kleuterscholen via het Technical Kindergarten-project, ik steun kinderen en hun ontwikkeling binnen het National Institute of Childhood Diseases, ik steun de vereniging NO TO CANCER. In ieder klein mensje zit een Einstein verborgen en ik geef deze kinderen de ruimte om die Einstein te vinden en om de kinderen te ontwikkelen,&#8221; zegt Beck over zijn sociale betrokkenheid.<\/p>\n<h3 class=\"text-lg font-bold text-text-100 mt-1 -mb-1.5\">8. Hoe kunnen bedrijven volgens jou een positieve impact hebben op de maatschappij &#8211; ook buiten de commerci\u00eble wereld?<\/h3>\n<p class=\"whitespace-normal break-words\">&#8220;Heel eenvoudig &#8211; geld kan veel kwaad doen, maar het kan ook veel goed doen als iemand die geld heeft en een hart en nederigheid heeft de wereld kan veranderen.&#8221;<\/p>\n<h3 class=\"text-lg font-bold text-text-100 mt-1 -mb-1.5\">9. Wat motiveert jou het meest op het werk &#8211; en wat brengt je het meeste plezier?<\/h3>\n<p class=\"whitespace-normal break-words\">&#8220;Elke ochtend met een glimlach naar het werk gaan, werken met fantastische collega&#8217;s, als we iets goed doen &#8211; dat is een teken dat we het goed doen en voortdurend in staat zijn om te verbeteren en andere collega&#8217;s ook te helpen verbeteren.&#8221;<\/p>\n<h3 class=\"text-lg font-bold text-text-100 mt-1 -mb-1.5\">10. En tot slot &#8211; als je MAXIN&#8217;S in \u00e9\u00e9n woord zou moeten beschrijven, wat zou dat dan zijn en waarom?<\/h3>\n<p class=\"whitespace-normal break-words\">&#8220;MAXIN&#8217;S &#8211; is in wezen een FAMILIE en familie beschermt, steunt, houdt van en we steunen elkaar om van de familie een prachtige, succesvolle familie te maken.&#8221;<\/p>\n<hr class=\"border-border-300 my-2\">\n<h2 class=\"text-xl font-bold text-text-100 mt-1 -mb-0.5\">MAXIN&#8217;S als leider in flexibele HR-oplossingen in de EU<\/h2>\n<p class=\"whitespace-normal break-words\">De komst van Petr Beck naar MAXIN&#8217;S maakt deel uit van de bredere strategie van het bedrijf om een belangrijke speler te worden, niet alleen in Slowakije, maar ook in de Centraal-Europese regio. Beck is van plan om zijn ervaring met internationale samenwerking te gebruiken om een solide talentenpool op te bouwen in samenwerking met het duale onderwijssysteem en de trainingscentra buiten het bedrijf. <\/p>\n<h3 class=\"text-lg font-bold text-text-100 mt-1 -mb-1.5\">Strategische prioriteiten<\/h3>\n<p class=\"whitespace-normal break-words\"><strong>Diversificatie van de portefeuille:<\/strong> onder leiding van Beck richt MAXIN&#8217;S zich op sectoren waar HR-kantoren zich voorheen niet op richtten &#8211; gezondheidszorg, sociale dienstverlening, onderwijs, logistiek, landbouw en detailhandel.<\/p>\n<p class=\"whitespace-normal break-words\"><strong>Internationale samenwerking:<\/strong> opzetten van partnerschappen buiten de EU om kandidaten op te leiden en te voorzien in geschoolde arbeidskrachten voor de Europese markt.<\/p>\n<p class=\"whitespace-normal break-words\"><strong>Merkopbouw:<\/strong> het versterken van de positie van MAXIN&#8217;S en haar dochteronderneming AREON als merken die synoniem staan voor betrouwbaarheid, stabiliteit en eerlijke behandeling van medewerkers en klanten.<\/p>\n<p><img loading=\"lazy\" decoding=\"async\" class=\"alignnone wp-image-11832 size-large\" title=\"Eerste werkdag in M\u00fcnchen - het begin van een nieuw hoofdstuk bij AREON GmbH.\" src=\"https:\/\/www.maxins.com\/wp-content\/uploads\/2025\/11\/1762364514650-768x1024.jpeg\" alt=\"Eerste werkdag in M\u00fcnchen - het begin van een nieuw hoofdstuk bij AREON GmbH.\" width=\"768\" height=\"1024\"><\/p>\n<hr class=\"border-border-300 my-2\">\n<h2 class=\"text-xl font-bold text-text-100 mt-1 -mb-0.5\">Waarom deze stap belangrijk is voor de arbeidsmarkt in de regio<\/h2>\n<p class=\"whitespace-normal break-words\">De Midden-Europese arbeidsmarkt staat voor verschillende uitdagingen &#8211; demografische achteruitgang, een tekort aan geschoolde werknemers in belangrijke sectoren en de behoefte aan flexibele werkoplossingen. MAXIN&#8217;S, met Peter Beck aan het roer van business development, speelt proactief in op deze trends. <\/p>\n<p class=\"whitespace-normal break-words\">Becks ervaring in economische diplomatie en internationale werving, gecombineerd met een grondige kennis van lokale markten, cre\u00ebert een uniek platform voor het aanpakken van de huidige uitdagingen op de arbeidsmarkt. Zijn lidmaatschap van de Zweedse Kamer van Koophandel en adviserende rollen voor ZMOS en KZPS CR geven hem strategisch inzicht in het beleid en de trends die van invloed zijn op de werkgelegenheid in de regio. <\/p>\n<hr class=\"border-border-300 my-2\">\n<h2 class=\"text-xl font-bold text-text-100 mt-1 -mb-0.5\">Een nieuw hoofdstuk voor MAXIN&#8217;S<\/h2>\n<p class=\"whitespace-normal break-words\">Peter Beck komt MAXIN&#8217;S binnen met een duidelijke visie en concrete plannen. Zijn aanpak combineert zakelijk pragmatisme met sociale verantwoordelijkheid en een langetermijnvisie op de waarde van relaties. Zoals hij zelf zegt, is MAXIN&#8217;S een familie voor hem &#8211; en het is dit principe van wederzijdse steun en vertrouwen dat een concurrentievoordeel kan zijn in een sector waar mensen het meest waardevolle bezit zijn.  <\/p>\n<p class=\"whitespace-normal break-words\">De komende maanden zal blijken hoe Beck&#8217;s ambitieuze plannen zich zullen vertalen in concrete projecten en zakelijke successen. Maar \u00e9\u00e9n ding is zeker: MAXIN&#8217;S gaat onder zijn leiding een nieuwe fase van groei en regionale expansie in. <\/p>\n","protected":false},"excerpt":{"rendered":"<p>Het Slowaakse HR-bedrijf MAXIN&#8217;S heeft zich gevestigd als leider op de arbeidsmarkt en blijft zijn positie op de Europese markt versterken. De verantwoordelijkheid voor bedrijfsontwikkeling in Slowakije, Tsjechi\u00eb en Duitsland wordt geleid door Peter Beck, een erkend expert in internationale werving en sales management met uitgebreide ervaring in de MOE-regio. <\/p>\n","protected":false},"author":9,"featured_media":13753,"comment_status":"closed","ping_status":"closed","sticky":false,"template":"","format":"standard","meta":{"_acf_changed":false,"footnotes":""},"categories":[99],"tags":[],"class_list":["post-13752","post","type-post","status-publish","format-standard","has-post-thumbnail","hentry","category-maxins-nieuws"],"acf":[],"yoast_head":"<!-- This site is optimized with the Yoast SEO plugin v25.3.1 - https:\/\/yoast.com\/wordpress\/plugins\/seo\/ -->\n<title>Peter Beck over de toekomst van MAXIN&#039;S: Hoe we onze positie als marktleider in Slowakije, CZ en DE versterken - MAXIN\u2019S<\/title>\n<meta name=\"description\" content=\"MAXIN&#039;S Business Leader Peter Beck onthult een ambitieuze visie voor de ontwikkeling van HR-diensten in de MOE-regio. Lid van de Zweedse Kamer van Koophandel over diversificatie, talentpools en bedrijfswaarden.\" \/>\n<meta name=\"robots\" content=\"index, follow, max-snippet:-1, max-image-preview:large, max-video-preview:-1\" \/>\n<link rel=\"canonical\" href=\"https:\/\/www.maxins.com\/nl\/peter-beck-over-de-toekomst-van-maxins-hoe-we-onze-positie-als-marktleider-in-slowakije-cz-en-de-versterken\/\" \/>\n<meta property=\"og:locale\" content=\"nl_NL\" \/>\n<meta property=\"og:type\" content=\"article\" \/>\n<meta property=\"og:title\" content=\"Peter Beck over de toekomst van MAXIN&#039;S: Hoe we onze positie als marktleider in Slowakije, CZ en DE versterken\" \/>\n<meta property=\"og:description\" content=\"MAXIN&#039;S Business Leader Peter Beck onthult een ambitieuze visie voor de ontwikkeling van HR-diensten in de MOE-regio. Lid van de Zweedse Kamer van Koophandel over diversificatie, talentpools en bedrijfswaarden.\" \/>\n<meta property=\"og:url\" content=\"https:\/\/www.maxins.com\/nl\/peter-beck-over-de-toekomst-van-maxins-hoe-we-onze-positie-als-marktleider-in-slowakije-cz-en-de-versterken\/\" \/>\n<meta property=\"og:site_name\" content=\"MAXIN\u2019S\" \/>\n<meta property=\"article:published_time\" content=\"2026-03-20T12:00:59+00:00\" \/>\n<meta property=\"og:image\" content=\"https:\/\/www.maxins.com\/wp-content\/uploads\/2025\/11\/Peter-Beck-o-buducnosti-MAXINS_-Ako-posilnujeme-poziciu-lidra-na-trhu-prace-v-SR-CZ-a-DE-1-1024x538.png\" \/>\n<meta name=\"author\" content=\"Simona \u0160oltysov\u00e1\" \/>\n<meta name=\"twitter:card\" content=\"summary_large_image\" \/>\n<meta name=\"twitter:label1\" content=\"Geschreven door\" \/>\n\t<meta name=\"twitter:data1\" content=\"Simona \u0160oltysov\u00e1\" \/>\n\t<meta name=\"twitter:label2\" content=\"Geschatte leestijd\" \/>\n\t<meta name=\"twitter:data2\" content=\"6 minuten\" \/>\n<script type=\"application\/ld+json\" class=\"yoast-schema-graph\">{\"@context\":\"https:\/\/schema.org\",\"@graph\":[{\"@type\":\"WebPage\",\"@id\":\"https:\/\/www.maxins.com\/nl\/peter-beck-over-de-toekomst-van-maxins-hoe-we-onze-positie-als-marktleider-in-slowakije-cz-en-de-versterken\/\",\"url\":\"https:\/\/www.maxins.com\/nl\/peter-beck-over-de-toekomst-van-maxins-hoe-we-onze-positie-als-marktleider-in-slowakije-cz-en-de-versterken\/\",\"name\":\"Peter Beck over de toekomst van MAXIN'S: Hoe we onze positie als marktleider in Slowakije, CZ en DE versterken - MAXIN\u2019S\",\"isPartOf\":{\"@id\":\"https:\/\/www.maxins.com\/#website\"},\"primaryImageOfPage\":{\"@id\":\"https:\/\/www.maxins.com\/nl\/peter-beck-over-de-toekomst-van-maxins-hoe-we-onze-positie-als-marktleider-in-slowakije-cz-en-de-versterken\/#primaryimage\"},\"image\":{\"@id\":\"https:\/\/www.maxins.com\/nl\/peter-beck-over-de-toekomst-van-maxins-hoe-we-onze-positie-als-marktleider-in-slowakije-cz-en-de-versterken\/#primaryimage\"},\"thumbnailUrl\":\"https:\/\/www.maxins.com\/wp-content\/uploads\/2025\/11\/IMG_3048-2.png\",\"datePublished\":\"2026-03-20T12:00:59+00:00\",\"author\":{\"@id\":\"https:\/\/www.maxins.com\/#\/schema\/person\/1d0e9c8069cdbb8626fea193e0564f33\"},\"description\":\"MAXIN'S Business Leader Peter Beck onthult een ambitieuze visie voor de ontwikkeling van HR-diensten in de MOE-regio. Lid van de Zweedse Kamer van Koophandel over diversificatie, talentpools en bedrijfswaarden.\",\"breadcrumb\":{\"@id\":\"https:\/\/www.maxins.com\/nl\/peter-beck-over-de-toekomst-van-maxins-hoe-we-onze-positie-als-marktleider-in-slowakije-cz-en-de-versterken\/#breadcrumb\"},\"inLanguage\":\"nl-NL\",\"potentialAction\":[{\"@type\":\"ReadAction\",\"target\":[\"https:\/\/www.maxins.com\/nl\/peter-beck-over-de-toekomst-van-maxins-hoe-we-onze-positie-als-marktleider-in-slowakije-cz-en-de-versterken\/\"]}]},{\"@type\":\"ImageObject\",\"inLanguage\":\"nl-NL\",\"@id\":\"https:\/\/www.maxins.com\/nl\/peter-beck-over-de-toekomst-van-maxins-hoe-we-onze-positie-als-marktleider-in-slowakije-cz-en-de-versterken\/#primaryimage\",\"url\":\"https:\/\/www.maxins.com\/wp-content\/uploads\/2025\/11\/IMG_3048-2.png\",\"contentUrl\":\"https:\/\/www.maxins.com\/wp-content\/uploads\/2025\/11\/IMG_3048-2.png\",\"width\":1513,\"height\":1135,\"caption\":\"Portrait Peter Beck, Business development director, MAXIN'S Group\"},{\"@type\":\"BreadcrumbList\",\"@id\":\"https:\/\/www.maxins.com\/nl\/peter-beck-over-de-toekomst-van-maxins-hoe-we-onze-positie-als-marktleider-in-slowakije-cz-en-de-versterken\/#breadcrumb\",\"itemListElement\":[{\"@type\":\"ListItem\",\"position\":1,\"name\":\"Domovsk\u00e1 str\u00e1nka\",\"item\":\"https:\/\/www.maxins.com\/nl\/\"},{\"@type\":\"ListItem\",\"position\":2,\"name\":\"Peter Beck over de toekomst van MAXIN&#8217;S: Hoe we onze positie als marktleider in Slowakije, CZ en DE versterken\"}]},{\"@type\":\"WebSite\",\"@id\":\"https:\/\/www.maxins.com\/#website\",\"url\":\"https:\/\/www.maxins.com\/\",\"name\":\"MAXIN\u2019S\",\"description\":\"\",\"potentialAction\":[{\"@type\":\"SearchAction\",\"target\":{\"@type\":\"EntryPoint\",\"urlTemplate\":\"https:\/\/www.maxins.com\/?s={search_term_string}\"},\"query-input\":{\"@type\":\"PropertyValueSpecification\",\"valueRequired\":true,\"valueName\":\"search_term_string\"}}],\"inLanguage\":\"nl-NL\"},{\"@type\":\"Person\",\"@id\":\"https:\/\/www.maxins.com\/#\/schema\/person\/1d0e9c8069cdbb8626fea193e0564f33\",\"name\":\"Simona \u0160oltysov\u00e1\",\"image\":{\"@type\":\"ImageObject\",\"inLanguage\":\"nl-NL\",\"@id\":\"https:\/\/www.maxins.com\/#\/schema\/person\/image\/\",\"url\":\"https:\/\/secure.gravatar.com\/avatar\/be6c3c6a6ca62b070d0f1663d37692869fa71f416bc9b25291a2b8df04ce4702?s=96&d=mm&r=g\",\"contentUrl\":\"https:\/\/secure.gravatar.com\/avatar\/be6c3c6a6ca62b070d0f1663d37692869fa71f416bc9b25291a2b8df04ce4702?s=96&d=mm&r=g\",\"caption\":\"Simona \u0160oltysov\u00e1\"},\"url\":\"https:\/\/www.maxins.com\/nl\/author\/soltysova\/\"}]}<\/script>\n<!-- \/ Yoast SEO plugin. -->","yoast_head_json":{"title":"Peter Beck over de toekomst van MAXIN'S: Hoe we onze positie als marktleider in Slowakije, CZ en DE versterken - MAXIN\u2019S","description":"MAXIN'S Business Leader Peter Beck onthult een ambitieuze visie voor de ontwikkeling van HR-diensten in de MOE-regio. Lid van de Zweedse Kamer van Koophandel over diversificatie, talentpools en bedrijfswaarden.","robots":{"index":"index","follow":"follow","max-snippet":"max-snippet:-1","max-image-preview":"max-image-preview:large","max-video-preview":"max-video-preview:-1"},"canonical":"https:\/\/www.maxins.com\/nl\/peter-beck-over-de-toekomst-van-maxins-hoe-we-onze-positie-als-marktleider-in-slowakije-cz-en-de-versterken\/","og_locale":"nl_NL","og_type":"article","og_title":"Peter Beck over de toekomst van MAXIN'S: Hoe we onze positie als marktleider in Slowakije, CZ en DE versterken","og_description":"MAXIN'S Business Leader Peter Beck onthult een ambitieuze visie voor de ontwikkeling van HR-diensten in de MOE-regio. Lid van de Zweedse Kamer van Koophandel over diversificatie, talentpools en bedrijfswaarden.","og_url":"https:\/\/www.maxins.com\/nl\/peter-beck-over-de-toekomst-van-maxins-hoe-we-onze-positie-als-marktleider-in-slowakije-cz-en-de-versterken\/","og_site_name":"MAXIN\u2019S","article_published_time":"2026-03-20T12:00:59+00:00","og_image":[{"url":"https:\/\/www.maxins.com\/wp-content\/uploads\/2025\/11\/Peter-Beck-o-buducnosti-MAXINS_-Ako-posilnujeme-poziciu-lidra-na-trhu-prace-v-SR-CZ-a-DE-1-1024x538.png","type":"","width":"","height":""}],"author":"Simona \u0160oltysov\u00e1","twitter_card":"summary_large_image","twitter_misc":{"Geschreven door":"Simona \u0160oltysov\u00e1","Geschatte leestijd":"6 minuten"},"schema":{"@context":"https:\/\/schema.org","@graph":[{"@type":"WebPage","@id":"https:\/\/www.maxins.com\/nl\/peter-beck-over-de-toekomst-van-maxins-hoe-we-onze-positie-als-marktleider-in-slowakije-cz-en-de-versterken\/","url":"https:\/\/www.maxins.com\/nl\/peter-beck-over-de-toekomst-van-maxins-hoe-we-onze-positie-als-marktleider-in-slowakije-cz-en-de-versterken\/","name":"Peter Beck over de toekomst van MAXIN'S: Hoe we onze positie als marktleider in Slowakije, CZ en DE versterken - MAXIN\u2019S","isPartOf":{"@id":"https:\/\/www.maxins.com\/#website"},"primaryImageOfPage":{"@id":"https:\/\/www.maxins.com\/nl\/peter-beck-over-de-toekomst-van-maxins-hoe-we-onze-positie-als-marktleider-in-slowakije-cz-en-de-versterken\/#primaryimage"},"image":{"@id":"https:\/\/www.maxins.com\/nl\/peter-beck-over-de-toekomst-van-maxins-hoe-we-onze-positie-als-marktleider-in-slowakije-cz-en-de-versterken\/#primaryimage"},"thumbnailUrl":"https:\/\/www.maxins.com\/wp-content\/uploads\/2025\/11\/IMG_3048-2.png","datePublished":"2026-03-20T12:00:59+00:00","author":{"@id":"https:\/\/www.maxins.com\/#\/schema\/person\/1d0e9c8069cdbb8626fea193e0564f33"},"description":"MAXIN'S Business Leader Peter Beck onthult een ambitieuze visie voor de ontwikkeling van HR-diensten in de MOE-regio. Lid van de Zweedse Kamer van Koophandel over diversificatie, talentpools en bedrijfswaarden.","breadcrumb":{"@id":"https:\/\/www.maxins.com\/nl\/peter-beck-over-de-toekomst-van-maxins-hoe-we-onze-positie-als-marktleider-in-slowakije-cz-en-de-versterken\/#breadcrumb"},"inLanguage":"nl-NL","potentialAction":[{"@type":"ReadAction","target":["https:\/\/www.maxins.com\/nl\/peter-beck-over-de-toekomst-van-maxins-hoe-we-onze-positie-als-marktleider-in-slowakije-cz-en-de-versterken\/"]}]},{"@type":"ImageObject","inLanguage":"nl-NL","@id":"https:\/\/www.maxins.com\/nl\/peter-beck-over-de-toekomst-van-maxins-hoe-we-onze-positie-als-marktleider-in-slowakije-cz-en-de-versterken\/#primaryimage","url":"https:\/\/www.maxins.com\/wp-content\/uploads\/2025\/11\/IMG_3048-2.png","contentUrl":"https:\/\/www.maxins.com\/wp-content\/uploads\/2025\/11\/IMG_3048-2.png","width":1513,"height":1135,"caption":"Portrait Peter Beck, Business development director, MAXIN'S Group"},{"@type":"BreadcrumbList","@id":"https:\/\/www.maxins.com\/nl\/peter-beck-over-de-toekomst-van-maxins-hoe-we-onze-positie-als-marktleider-in-slowakije-cz-en-de-versterken\/#breadcrumb","itemListElement":[{"@type":"ListItem","position":1,"name":"Domovsk\u00e1 str\u00e1nka","item":"https:\/\/www.maxins.com\/nl\/"},{"@type":"ListItem","position":2,"name":"Peter Beck over de toekomst van MAXIN&#8217;S: Hoe we onze positie als marktleider in Slowakije, CZ en DE versterken"}]},{"@type":"WebSite","@id":"https:\/\/www.maxins.com\/#website","url":"https:\/\/www.maxins.com\/","name":"MAXIN\u2019S","description":"","potentialAction":[{"@type":"SearchAction","target":{"@type":"EntryPoint","urlTemplate":"https:\/\/www.maxins.com\/?s={search_term_string}"},"query-input":{"@type":"PropertyValueSpecification","valueRequired":true,"valueName":"search_term_string"}}],"inLanguage":"nl-NL"},{"@type":"Person","@id":"https:\/\/www.maxins.com\/#\/schema\/person\/1d0e9c8069cdbb8626fea193e0564f33","name":"Simona \u0160oltysov\u00e1","image":{"@type":"ImageObject","inLanguage":"nl-NL","@id":"https:\/\/www.maxins.com\/#\/schema\/person\/image\/","url":"https:\/\/secure.gravatar.com\/avatar\/be6c3c6a6ca62b070d0f1663d37692869fa71f416bc9b25291a2b8df04ce4702?s=96&d=mm&r=g","contentUrl":"https:\/\/secure.gravatar.com\/avatar\/be6c3c6a6ca62b070d0f1663d37692869fa71f416bc9b25291a2b8df04ce4702?s=96&d=mm&r=g","caption":"Simona \u0160oltysov\u00e1"},"url":"https:\/\/www.maxins.com\/nl\/author\/soltysova\/"}]}},"_links":{"self":[{"href":"https:\/\/www.maxins.com\/nl\/wp-json\/wp\/v2\/posts\/13752","targetHints":{"allow":["GET"]}}],"collection":[{"href":"https:\/\/www.maxins.com\/nl\/wp-json\/wp\/v2\/posts"}],"about":[{"href":"https:\/\/www.maxins.com\/nl\/wp-json\/wp\/v2\/types\/post"}],"author":[{"embeddable":true,"href":"https:\/\/www.maxins.com\/nl\/wp-json\/wp\/v2\/users\/9"}],"replies":[{"embeddable":true,"href":"https:\/\/www.maxins.com\/nl\/wp-json\/wp\/v2\/comments?post=13752"}],"version-history":[{"count":0,"href":"https:\/\/www.maxins.com\/nl\/wp-json\/wp\/v2\/posts\/13752\/revisions"}],"wp:featuredmedia":[{"embeddable":true,"href":"https:\/\/www.maxins.com\/nl\/wp-json\/wp\/v2\/media\/13753"}],"wp:attachment":[{"href":"https:\/\/www.maxins.com\/nl\/wp-json\/wp\/v2\/media?parent=13752"}],"wp:term":[{"taxonomy":"category","embeddable":true,"href":"https:\/\/www.maxins.com\/nl\/wp-json\/wp\/v2\/categories?post=13752"},{"taxonomy":"post_tag","embeddable":true,"href":"https:\/\/www.maxins.com\/nl\/wp-json\/wp\/v2\/tags?post=13752"}],"curies":[{"name":"wp","href":"https:\/\/api.w.org\/{rel}","templated":true}]}}