{"id":13754,"date":"2026-02-12T15:45:00","date_gmt":"2026-02-12T15:45:00","guid":{"rendered":"https:\/\/www.maxins.com\/exodus-van-werknemers-enquete-waarschuwt-voor-vertrek-slowaken-naar-buitenland\/"},"modified":"2026-04-10T09:46:51","modified_gmt":"2026-04-10T09:46:51","slug":"exodus-van-werknemers-enquete-waarschuwt-voor-vertrek-slowaken-naar-buitenland","status":"publish","type":"post","link":"https:\/\/www.maxins.com\/nl\/exodus-van-werknemers-enquete-waarschuwt-voor-vertrek-slowaken-naar-buitenland\/","title":{"rendered":"Exodus van werknemers? Enqu\u00eate waarschuwt voor vertrek Slowaken naar buitenland"},"content":{"rendered":"\n<p><strong>De Slowaakse arbeidsmarkt wordt geconfronteerd met een potenti\u00eble personeelscrisis van ongekende proporties. Volgens een exclusief onderzoek van het wervingsbureau MAXIN&#8217;S Group overweegt tot 21% van de werknemers actief om naar het buitenland te vertrekken als reactie op de huidige economische situatie en de consolidatiemaatregelen van de overheid. Als deze trend zich doorzet, wordt het land geconfronteerd met een massale uitstroom van talent die belangrijke sectoren van de economie zou kunnen lamleggen.  <\/strong><\/p>\n\n<h2 class=\"wp-block-heading\">Zorgwekkende cijfers: \u00e9\u00e9n op de vijf werknemers heeft een Plan B<\/h2>\n\n<p>Het onderzoek van oktober heeft gegevens opgeleverd die niet alleen bij HR-afdelingen van bedrijven, maar ook bij de overheid rode lampjes zouden moeten doen branden. Het cijfer van 21% is niet zomaar een statistiek &#8211; het is een op de vijf werkende Slowaken die al actief overweegt zijn koffers te pakken en op zoek te gaan naar betere kansen buiten de landsgrenzen. <\/p>\n\n<p>&#8220;Het vertrek van een vijfde van de beroepsbevolking zou een grote klap betekenen voor de beschikbaarheid van geschoolde mensen. Bedrijven zouden te maken krijgen met een tekort aan menselijk kapitaal, wat de groei zou kunnen vertragen en de druk op de lonen zou kunnen verhogen&#8221; <em>&#8211; legt <strong>Katar\u00edna Garajov\u00e1, CEO van MAXIN&#8217;S Group<\/strong>, uit.<\/em><\/p>\n\n<p>In de context van de totale economisch actieve bevolking van Slowakije zou dit een potenti\u00eble uitstroom van honderdduizenden werknemers betekenen. Zo&#8217;n massale uittocht zou ongekend zijn in de moderne geschiedenis van het land en de gevolgen zouden voelbaar zijn in de hele economie. <\/p>\n\n<h2 class=\"wp-block-heading\">Waarom vertrekken ze? Dertien redenen die Slowaken naar het buitenland drijven <\/h2>\n\n<p>Het onderzoek identificeerde drie belangrijke factoren die werknemers motiveren om te vertrekken:<\/p>\n\n<figure class=\"wp-block-table\"><table class=\"has-fixed-layout\"><tbody><tr><td><strong>Factor<\/strong><\/td><td><strong>Percentage respondenten<\/strong><\/td><\/tr><tr><td>Verlaging van netto-inkomen<\/td><td><strong>46 %<\/strong><\/td><\/tr><tr><td>Prijsstijgingen en inflatie<\/td><td><strong>39 %<\/strong><\/td><\/tr><tr><td>Angst voor ontslagen<\/td><td><strong>55 %<\/strong><\/td><\/tr><\/tbody><\/table><\/figure>\n\n<p>De combinatie van deze factoren cre\u00ebert een perfecte storm die de stabiliteit van de arbeidsmarkt bedreigt. Meer dan de helft van de werknemers (55%) maakt zich zorgen over het verlies van hun baan, terwijl bijna de helft (46%) al te maken heeft met een daling van hun inkomen. Dit wordt nog verergerd door de inflatiedruk die de koopkracht uitholt van zelfs degenen die hun baan hebben behouden.  <\/p>\n\n<h3 class=\"wp-block-heading\">Economische realiteit zonder pretenties<\/h3>\n\n<p>&#8220;Als mensen thuis geen perspectief zien, zoeken ze het elders. Deze dynamiek is niet nieuw, maar de intensiteit ervan is alarmerend,&#8221; <em>&#8211; voegt <strong>Garajov\u00e1<\/strong> toe.<\/em><\/p>\n\n<p>Slowakije bevindt zich in een vicieuze cirkel: consolidatiemaatregelen zijn bedoeld om de overheidsfinanci\u00ebn te saneren, maar tegelijkertijd cre\u00ebren ze de voorwaarden voor een uitstroom van geschoolde arbeidskrachten, wat de economie uiteindelijk nog meer kan schaden.<\/p>\n\n<h2 class=\"wp-block-heading\">Het domino-effect: hoe de uittocht de Slowaakse arbeidsmarkt zal veranderen<\/h2>\n\n<p>Een massale uittocht van werknemers zou een kettingreactie veroorzaken met verstrekkende gevolgen voor de hele economie:<\/p>\n\n<ul class=\"wp-block-list\">\n<li>Kritisch tekort aan geschoolde werknemers in belangrijke sectoren &#8211; Industrie, gezondheidszorg, IT-sector en de bouw zouden te maken krijgen met acute tekorten aan personeel, waardoor hun vermogen om te functioneren verlamd zou raken.<\/li>\n\n\n\n<li>Explosieve groei in loonkosten &#8211; Het bedrijf zal de salarissen drastisch moeten verhogen om bestaande werknemers te behouden en nieuwe aan te trekken. Dit zal zich vertalen in hogere prijzen voor producten en diensten. <\/li>\n\n\n\n<li>Vertragende economische groei &#8211; Arbeidstekorten betekenen lagere productie, geannuleerde investeringen en uitgestelde projecten. De economie zal vaart verliezen. <\/li>\n\n\n\n<li>De noodzaak om werknemers uit het buitenland te importeren &#8211; Slowakije zal vertrekkende werknemers moeten vervangen door buitenlandse arbeidskrachten, wat uitdagingen met zich meebrengt op het gebied van integratie, taalbarri\u00e8res en culturele aanpassing.<\/li>\n\n\n\n<li>Demografische catastrofe &#8211; Het vertrek van jonge, productieve mensen zal de toch al problematische demografische situatie verergeren en de druk op het pensioenstelsel en de gezondheidszorg verhogen.<\/li>\n<\/ul>\n\n<h3 class=\"wp-block-heading\">De loonparadox: voordeel op korte termijn, pijn op lange termijn<\/h3>\n\n<p>De analyse van IZA onthult een interessant, maar verontrustend fenomeen van economische migratie. Emigratie voor werk verhoogt de lonen in het land van herkomst op korte termijn, maar alleen voor een specifieke groep werknemers &#8211; zij met vervangbare vaardigheden die vergelijkbaar zijn met die van de emigranten. <\/p>\n\n<p>Werknemers met complementaire vaardigheden die moeten samenwerken met expatcollega&#8217;s, gaan er daarentegen op achteruit in termen van salaris. Dit effect is echter tijdelijk. Op lange termijn, als een land veel hoogopgeleide werknemers verliest, zal de hele economie lijden onder een daling van de productiviteit, wat uiteindelijk zal leiden tot lagere lonen voor iedereen.  <\/p>\n\n<h2 class=\"wp-block-heading\">Hoe Slowaken reageren: Aanpassingsstrategie\u00ebn in een crisis<\/h2>\n\n<p>Naar het buitenland gaan is niet de enige strategie die werknemers overwegen. Het onderzoek onthult een breed scala aan aanpassingsmechanismen: <\/p>\n\n<ul class=\"wp-block-list\">\n<li>Besparen en bezuinigen (50%) &#8211; De helft van de respondenten is van plan hun kosten van levensonderhoud drastisch te verlagen<\/li>\n\n\n\n<li>Bezuinigen op entertainment en reizen (33%) &#8211; Een derde van de mensen zal afzien van activiteiten die ze als vanzelfsprekend beschouwden<\/li>\n\n\n\n<li>Op zoek naar secundair inkomen (28%) &#8211; Bijna een derde zal in meerdere rollen tegelijk werken<\/li>\n\n\n\n<li>Naar het buitenland gaan (21%) &#8211; Een vijfde ziet emigratie als de beste oplossing<\/li>\n<\/ul>\n\n<p>&#8220;Werknemers proberen zich aan te passen, maar naar het buitenland gaan is nog steeds een van de meest voorkomende opties. Het is een duidelijk signaal voor werkgevers dat ze actief moeten werken aan de motivatie en stabiliteit van hun mensen,&#8221; <em>&#8211; aldus <strong>Garajov\u00e1<\/strong>.<\/em><\/p>\n\n<h2 class=\"wp-block-heading\">2026: een keerpunt voor Slowakije?<\/h2>\n\n<p>Als de voorspellingen uitkomen, kan 2026 een doorbraakjaar worden voor de Slowaakse arbeidsmarkt. Bedrijven zullen voor ongekende uitdagingen komen te staan en hun strategie\u00ebn fundamenteel moeten herzien. <\/p>\n\n<h3 class=\"wp-block-heading\">Wat werkgevers nu moeten doen<\/h3>\n\n<ul class=\"wp-block-list\">\n<li>Vergoedingsregelingen heroverwegen &#8211; Lonen en voordelen moeten niet alleen in eigen land maar ook op de Europese markt concurrerend zijn<\/li>\n\n\n\n<li>Investeer in de ontwikkeling van werknemers &#8211; Training en loopbaanontwikkeling zijn essentieel om talent te behouden<\/li>\n\n\n\n<li>Een sterke bedrijfscultuur cre\u00ebren &#8211; Mensen blijven waar ze zich gewaardeerd voelen en waar ze zinvol werk hebben<\/li>\n\n\n\n<li>Voorbereiden van werving uit het buitenland &#8211; Ontwikkelen van systemen voor de integratie van buitenlandse werknemers<\/li>\n\n\n\n<li>Flexibele werkmodellen implementeren &#8211; thuiswerken en hybride werken kunnen de doorslag geven<\/li>\n<\/ul>\n\n<p>&#8220;Het jaar 2026 kan een keerpunt worden voor de Slowaakse arbeidsmarkt. Als het vertrek van een vijfde van de werknemers werkelijkheid wordt, zullen bedrijven hun strategie\u00ebn fundamenteel moeten herzien &#8211; van werving tot motivatie,&#8221; <em> concludeert <strong>Katar\u00edna Garajov\u00e1<\/strong>.<\/em><\/p>\n\n<h2 class=\"wp-block-heading\">Een waarschuwing die we niet kunnen negeren<\/h2>\n\n<p>Het onderzoek van MAXIN&#8217;S Group is niet zomaar een reeks cijfers &#8211; het is een waarschuwingssignaal voor het hele land. Eenentwintig procent is geen onbeduidend aantal. Het is \u00e9\u00e9n op de vijf collega&#8217;s, \u00e9\u00e9n op de vijf specialisten, \u00e9\u00e9n op de vijf professionals. Hun vertrek zou vacatures achterlaten die niet gemakkelijk op te vullen zullen zijn.   <\/p>\n\n<p>Slowakije staat op een kruispunt. Het ene pad leidt tot het behouden van talent, het investeren in mensen en het opbouwen van een concurrerende arbeidsmarkt. De andere leidt tot een massale braindrain, economische stagnatie en achteruitgang op de lange termijn.  <\/p>\n\n<p>We moeten nu beslissen welk pad we kiezen. Het jaar 2026 staat voor de deur. <\/p>\n\n<p><\/p>\n","protected":false},"excerpt":{"rendered":"<p>Onderzoek van MAXIN&#8217;S Group onthult alarmerende trends die de Slowaakse arbeidsmarkt drastisch zouden kunnen veranderen in 2026.<\/p>\n","protected":false},"author":9,"featured_media":13755,"comment_status":"closed","ping_status":"closed","sticky":false,"template":"","format":"standard","meta":{"_acf_changed":false,"footnotes":""},"categories":[99],"tags":[],"class_list":["post-13754","post","type-post","status-publish","format-standard","has-post-thumbnail","hentry","category-maxins-nieuws"],"acf":[],"yoast_head":"<!-- This site is optimized with the Yoast SEO plugin v25.3.1 - https:\/\/yoast.com\/wordpress\/plugins\/seo\/ -->\n<title>Exodus van werknemers? Enqu\u00eate waarschuwt voor vertrek Slowaken naar buitenland - MAXIN\u2019S<\/title>\n<meta name=\"description\" content=\"Tot 21% van de Slowaakse werknemers overweegt om in 2026 naar het buitenland te verhuizen. Deskundige analyse van oorzaken, gevolgen en oplossingen voor de arbeidsmarkt. Exclusieve gegevens uit onderzoek van MAXIN&#039;S Group.\" \/>\n<meta name=\"robots\" content=\"index, follow, max-snippet:-1, max-image-preview:large, max-video-preview:-1\" \/>\n<link rel=\"canonical\" href=\"https:\/\/www.maxins.com\/nl\/exodus-van-werknemers-enquete-waarschuwt-voor-vertrek-slowaken-naar-buitenland\/\" \/>\n<meta property=\"og:locale\" content=\"nl_NL\" \/>\n<meta property=\"og:type\" content=\"article\" \/>\n<meta property=\"og:title\" content=\"Exodus van werknemers? Enqu\u00eate waarschuwt voor vertrek Slowaken naar buitenland\" \/>\n<meta property=\"og:description\" content=\"Tot 21% van de Slowaakse werknemers overweegt om in 2026 naar het buitenland te verhuizen. Deskundige analyse van oorzaken, gevolgen en oplossingen voor de arbeidsmarkt. Exclusieve gegevens uit onderzoek van MAXIN&#039;S Group.\" \/>\n<meta property=\"og:url\" content=\"https:\/\/www.maxins.com\/nl\/exodus-van-werknemers-enquete-waarschuwt-voor-vertrek-slowaken-naar-buitenland\/\" \/>\n<meta property=\"og:site_name\" content=\"MAXIN\u2019S\" \/>\n<meta property=\"article:published_time\" content=\"2026-02-12T15:45:00+00:00\" \/>\n<meta property=\"article:modified_time\" content=\"2026-04-10T09:46:51+00:00\" \/>\n<meta property=\"og:image\" content=\"https:\/\/www.maxins.com\/wp-content\/uploads\/2026\/02\/Exodus-zamestnancov_-Prieskum-varuje-pred-odchodom-Slovakov-do-zahranicia-kopia-2-1024x535.jpg\" \/>\n<meta name=\"author\" content=\"Simona \u0160oltysov\u00e1\" \/>\n<meta name=\"twitter:card\" content=\"summary_large_image\" \/>\n<meta name=\"twitter:label1\" content=\"Geschreven door\" \/>\n\t<meta name=\"twitter:data1\" content=\"Simona \u0160oltysov\u00e1\" \/>\n\t<meta name=\"twitter:label2\" content=\"Geschatte leestijd\" \/>\n\t<meta name=\"twitter:data2\" content=\"6 minuten\" \/>\n<script type=\"application\/ld+json\" class=\"yoast-schema-graph\">{\"@context\":\"https:\/\/schema.org\",\"@graph\":[{\"@type\":\"WebPage\",\"@id\":\"https:\/\/www.maxins.com\/nl\/exodus-van-werknemers-enquete-waarschuwt-voor-vertrek-slowaken-naar-buitenland\/\",\"url\":\"https:\/\/www.maxins.com\/nl\/exodus-van-werknemers-enquete-waarschuwt-voor-vertrek-slowaken-naar-buitenland\/\",\"name\":\"Exodus van werknemers? Enqu\u00eate waarschuwt voor vertrek Slowaken naar buitenland - MAXIN\u2019S\",\"isPartOf\":{\"@id\":\"https:\/\/www.maxins.com\/#website\"},\"primaryImageOfPage\":{\"@id\":\"https:\/\/www.maxins.com\/nl\/exodus-van-werknemers-enquete-waarschuwt-voor-vertrek-slowaken-naar-buitenland\/#primaryimage\"},\"image\":{\"@id\":\"https:\/\/www.maxins.com\/nl\/exodus-van-werknemers-enquete-waarschuwt-voor-vertrek-slowaken-naar-buitenland\/#primaryimage\"},\"thumbnailUrl\":\"https:\/\/www.maxins.com\/wp-content\/uploads\/2026\/02\/AdobeStock_636434150.jpeg\",\"datePublished\":\"2026-02-12T15:45:00+00:00\",\"dateModified\":\"2026-04-10T09:46:51+00:00\",\"author\":{\"@id\":\"https:\/\/www.maxins.com\/#\/schema\/person\/1d0e9c8069cdbb8626fea193e0564f33\"},\"description\":\"Tot 21% van de Slowaakse werknemers overweegt om in 2026 naar het buitenland te verhuizen. Deskundige analyse van oorzaken, gevolgen en oplossingen voor de arbeidsmarkt. Exclusieve gegevens uit onderzoek van MAXIN'S Group.\",\"breadcrumb\":{\"@id\":\"https:\/\/www.maxins.com\/nl\/exodus-van-werknemers-enquete-waarschuwt-voor-vertrek-slowaken-naar-buitenland\/#breadcrumb\"},\"inLanguage\":\"nl-NL\",\"potentialAction\":[{\"@type\":\"ReadAction\",\"target\":[\"https:\/\/www.maxins.com\/nl\/exodus-van-werknemers-enquete-waarschuwt-voor-vertrek-slowaken-naar-buitenland\/\"]}]},{\"@type\":\"ImageObject\",\"inLanguage\":\"nl-NL\",\"@id\":\"https:\/\/www.maxins.com\/nl\/exodus-van-werknemers-enquete-waarschuwt-voor-vertrek-slowaken-naar-buitenland\/#primaryimage\",\"url\":\"https:\/\/www.maxins.com\/wp-content\/uploads\/2026\/02\/AdobeStock_636434150.jpeg\",\"contentUrl\":\"https:\/\/www.maxins.com\/wp-content\/uploads\/2026\/02\/AdobeStock_636434150.jpeg\",\"width\":4032,\"height\":2304,\"caption\":\"Osoba s kufrom kr\u00e1\u010da po letisku pri z\u00e1pade slnka, akoby odch\u00e1dzala za nov\u00fdm \u017eivotom.\"},{\"@type\":\"BreadcrumbList\",\"@id\":\"https:\/\/www.maxins.com\/nl\/exodus-van-werknemers-enquete-waarschuwt-voor-vertrek-slowaken-naar-buitenland\/#breadcrumb\",\"itemListElement\":[{\"@type\":\"ListItem\",\"position\":1,\"name\":\"Domovsk\u00e1 str\u00e1nka\",\"item\":\"https:\/\/www.maxins.com\/nl\/\"},{\"@type\":\"ListItem\",\"position\":2,\"name\":\"Exodus van werknemers? Enqu\u00eate waarschuwt voor vertrek Slowaken naar buitenland\"}]},{\"@type\":\"WebSite\",\"@id\":\"https:\/\/www.maxins.com\/#website\",\"url\":\"https:\/\/www.maxins.com\/\",\"name\":\"MAXIN\u2019S\",\"description\":\"\",\"potentialAction\":[{\"@type\":\"SearchAction\",\"target\":{\"@type\":\"EntryPoint\",\"urlTemplate\":\"https:\/\/www.maxins.com\/?s={search_term_string}\"},\"query-input\":{\"@type\":\"PropertyValueSpecification\",\"valueRequired\":true,\"valueName\":\"search_term_string\"}}],\"inLanguage\":\"nl-NL\"},{\"@type\":\"Person\",\"@id\":\"https:\/\/www.maxins.com\/#\/schema\/person\/1d0e9c8069cdbb8626fea193e0564f33\",\"name\":\"Simona \u0160oltysov\u00e1\",\"image\":{\"@type\":\"ImageObject\",\"inLanguage\":\"nl-NL\",\"@id\":\"https:\/\/www.maxins.com\/#\/schema\/person\/image\/\",\"url\":\"https:\/\/secure.gravatar.com\/avatar\/be6c3c6a6ca62b070d0f1663d37692869fa71f416bc9b25291a2b8df04ce4702?s=96&d=mm&r=g\",\"contentUrl\":\"https:\/\/secure.gravatar.com\/avatar\/be6c3c6a6ca62b070d0f1663d37692869fa71f416bc9b25291a2b8df04ce4702?s=96&d=mm&r=g\",\"caption\":\"Simona \u0160oltysov\u00e1\"},\"url\":\"https:\/\/www.maxins.com\/nl\/author\/soltysova\/\"}]}<\/script>\n<!-- \/ Yoast SEO plugin. -->","yoast_head_json":{"title":"Exodus van werknemers? Enqu\u00eate waarschuwt voor vertrek Slowaken naar buitenland - MAXIN\u2019S","description":"Tot 21% van de Slowaakse werknemers overweegt om in 2026 naar het buitenland te verhuizen. Deskundige analyse van oorzaken, gevolgen en oplossingen voor de arbeidsmarkt. Exclusieve gegevens uit onderzoek van MAXIN'S Group.","robots":{"index":"index","follow":"follow","max-snippet":"max-snippet:-1","max-image-preview":"max-image-preview:large","max-video-preview":"max-video-preview:-1"},"canonical":"https:\/\/www.maxins.com\/nl\/exodus-van-werknemers-enquete-waarschuwt-voor-vertrek-slowaken-naar-buitenland\/","og_locale":"nl_NL","og_type":"article","og_title":"Exodus van werknemers? Enqu\u00eate waarschuwt voor vertrek Slowaken naar buitenland","og_description":"Tot 21% van de Slowaakse werknemers overweegt om in 2026 naar het buitenland te verhuizen. Deskundige analyse van oorzaken, gevolgen en oplossingen voor de arbeidsmarkt. Exclusieve gegevens uit onderzoek van MAXIN'S Group.","og_url":"https:\/\/www.maxins.com\/nl\/exodus-van-werknemers-enquete-waarschuwt-voor-vertrek-slowaken-naar-buitenland\/","og_site_name":"MAXIN\u2019S","article_published_time":"2026-02-12T15:45:00+00:00","article_modified_time":"2026-04-10T09:46:51+00:00","og_image":[{"url":"https:\/\/www.maxins.com\/wp-content\/uploads\/2026\/02\/Exodus-zamestnancov_-Prieskum-varuje-pred-odchodom-Slovakov-do-zahranicia-kopia-2-1024x535.jpg","type":"","width":"","height":""}],"author":"Simona \u0160oltysov\u00e1","twitter_card":"summary_large_image","twitter_misc":{"Geschreven door":"Simona \u0160oltysov\u00e1","Geschatte leestijd":"6 minuten"},"schema":{"@context":"https:\/\/schema.org","@graph":[{"@type":"WebPage","@id":"https:\/\/www.maxins.com\/nl\/exodus-van-werknemers-enquete-waarschuwt-voor-vertrek-slowaken-naar-buitenland\/","url":"https:\/\/www.maxins.com\/nl\/exodus-van-werknemers-enquete-waarschuwt-voor-vertrek-slowaken-naar-buitenland\/","name":"Exodus van werknemers? Enqu\u00eate waarschuwt voor vertrek Slowaken naar buitenland - MAXIN\u2019S","isPartOf":{"@id":"https:\/\/www.maxins.com\/#website"},"primaryImageOfPage":{"@id":"https:\/\/www.maxins.com\/nl\/exodus-van-werknemers-enquete-waarschuwt-voor-vertrek-slowaken-naar-buitenland\/#primaryimage"},"image":{"@id":"https:\/\/www.maxins.com\/nl\/exodus-van-werknemers-enquete-waarschuwt-voor-vertrek-slowaken-naar-buitenland\/#primaryimage"},"thumbnailUrl":"https:\/\/www.maxins.com\/wp-content\/uploads\/2026\/02\/AdobeStock_636434150.jpeg","datePublished":"2026-02-12T15:45:00+00:00","dateModified":"2026-04-10T09:46:51+00:00","author":{"@id":"https:\/\/www.maxins.com\/#\/schema\/person\/1d0e9c8069cdbb8626fea193e0564f33"},"description":"Tot 21% van de Slowaakse werknemers overweegt om in 2026 naar het buitenland te verhuizen. Deskundige analyse van oorzaken, gevolgen en oplossingen voor de arbeidsmarkt. Exclusieve gegevens uit onderzoek van MAXIN'S Group.","breadcrumb":{"@id":"https:\/\/www.maxins.com\/nl\/exodus-van-werknemers-enquete-waarschuwt-voor-vertrek-slowaken-naar-buitenland\/#breadcrumb"},"inLanguage":"nl-NL","potentialAction":[{"@type":"ReadAction","target":["https:\/\/www.maxins.com\/nl\/exodus-van-werknemers-enquete-waarschuwt-voor-vertrek-slowaken-naar-buitenland\/"]}]},{"@type":"ImageObject","inLanguage":"nl-NL","@id":"https:\/\/www.maxins.com\/nl\/exodus-van-werknemers-enquete-waarschuwt-voor-vertrek-slowaken-naar-buitenland\/#primaryimage","url":"https:\/\/www.maxins.com\/wp-content\/uploads\/2026\/02\/AdobeStock_636434150.jpeg","contentUrl":"https:\/\/www.maxins.com\/wp-content\/uploads\/2026\/02\/AdobeStock_636434150.jpeg","width":4032,"height":2304,"caption":"Osoba s kufrom kr\u00e1\u010da po letisku pri z\u00e1pade slnka, akoby odch\u00e1dzala za nov\u00fdm \u017eivotom."},{"@type":"BreadcrumbList","@id":"https:\/\/www.maxins.com\/nl\/exodus-van-werknemers-enquete-waarschuwt-voor-vertrek-slowaken-naar-buitenland\/#breadcrumb","itemListElement":[{"@type":"ListItem","position":1,"name":"Domovsk\u00e1 str\u00e1nka","item":"https:\/\/www.maxins.com\/nl\/"},{"@type":"ListItem","position":2,"name":"Exodus van werknemers? Enqu\u00eate waarschuwt voor vertrek Slowaken naar buitenland"}]},{"@type":"WebSite","@id":"https:\/\/www.maxins.com\/#website","url":"https:\/\/www.maxins.com\/","name":"MAXIN\u2019S","description":"","potentialAction":[{"@type":"SearchAction","target":{"@type":"EntryPoint","urlTemplate":"https:\/\/www.maxins.com\/?s={search_term_string}"},"query-input":{"@type":"PropertyValueSpecification","valueRequired":true,"valueName":"search_term_string"}}],"inLanguage":"nl-NL"},{"@type":"Person","@id":"https:\/\/www.maxins.com\/#\/schema\/person\/1d0e9c8069cdbb8626fea193e0564f33","name":"Simona \u0160oltysov\u00e1","image":{"@type":"ImageObject","inLanguage":"nl-NL","@id":"https:\/\/www.maxins.com\/#\/schema\/person\/image\/","url":"https:\/\/secure.gravatar.com\/avatar\/be6c3c6a6ca62b070d0f1663d37692869fa71f416bc9b25291a2b8df04ce4702?s=96&d=mm&r=g","contentUrl":"https:\/\/secure.gravatar.com\/avatar\/be6c3c6a6ca62b070d0f1663d37692869fa71f416bc9b25291a2b8df04ce4702?s=96&d=mm&r=g","caption":"Simona \u0160oltysov\u00e1"},"url":"https:\/\/www.maxins.com\/nl\/author\/soltysova\/"}]}},"_links":{"self":[{"href":"https:\/\/www.maxins.com\/nl\/wp-json\/wp\/v2\/posts\/13754","targetHints":{"allow":["GET"]}}],"collection":[{"href":"https:\/\/www.maxins.com\/nl\/wp-json\/wp\/v2\/posts"}],"about":[{"href":"https:\/\/www.maxins.com\/nl\/wp-json\/wp\/v2\/types\/post"}],"author":[{"embeddable":true,"href":"https:\/\/www.maxins.com\/nl\/wp-json\/wp\/v2\/users\/9"}],"replies":[{"embeddable":true,"href":"https:\/\/www.maxins.com\/nl\/wp-json\/wp\/v2\/comments?post=13754"}],"version-history":[{"count":1,"href":"https:\/\/www.maxins.com\/nl\/wp-json\/wp\/v2\/posts\/13754\/revisions"}],"predecessor-version":[{"id":13759,"href":"https:\/\/www.maxins.com\/nl\/wp-json\/wp\/v2\/posts\/13754\/revisions\/13759"}],"wp:featuredmedia":[{"embeddable":true,"href":"https:\/\/www.maxins.com\/nl\/wp-json\/wp\/v2\/media\/13755"}],"wp:attachment":[{"href":"https:\/\/www.maxins.com\/nl\/wp-json\/wp\/v2\/media?parent=13754"}],"wp:term":[{"taxonomy":"category","embeddable":true,"href":"https:\/\/www.maxins.com\/nl\/wp-json\/wp\/v2\/categories?post=13754"},{"taxonomy":"post_tag","embeddable":true,"href":"https:\/\/www.maxins.com\/nl\/wp-json\/wp\/v2\/tags?post=13754"}],"curies":[{"name":"wp","href":"https:\/\/api.w.org\/{rel}","templated":true}]}}