{"id":13767,"date":"2026-03-13T13:22:38","date_gmt":"2026-03-13T13:22:38","guid":{"rendered":"https:\/\/www.maxins.com\/de-balans-van-2025-waar-de-arbeidsmarkt-groeide-en-waar-hij-verloor\/"},"modified":"2026-04-10T09:46:51","modified_gmt":"2026-04-10T09:46:51","slug":"de-balans-van-2025-waar-de-arbeidsmarkt-groeide-en-waar-hij-verloor","status":"publish","type":"post","link":"https:\/\/www.maxins.com\/nl\/de-balans-van-2025-waar-de-arbeidsmarkt-groeide-en-waar-hij-verloor\/","title":{"rendered":"De balans van 2025: waar de arbeidsmarkt groeide en waar hij verloor"},"content":{"rendered":"\n<p>Het jaar 2025 was een paradox voor de Slowaakse arbeidsmarkt. Aan de ene kant bleef de werkloosheid laag en waren er meer dan 100.000 vacatures, aan de andere kant begonnen de eerste tekenen van een vertraging zich af te tekenen. Bedrijven werden geconfronteerd met stijgende kosten, onzekerheid en een zwakkere vraag in belangrijke sectoren.  <\/p>\n\n<figure class=\"wp-block-table\"><table class=\"has-fixed-layout\"><tbody><tr><td><em>&#8220;2025 was een jaar vol spanning. De banenmarkt hield nog stand, maar het was duidelijk dat er een afkoeling op komst was.&#8221; <\/em> <strong>&#8211; Katar\u00edna Garajov\u00e1, CEO van MAXIN&#8217;S Group<\/strong><\/td><\/tr><\/tbody><\/table><\/figure>\n\n<p>Volgens haar ging het er in 2025 vooral om dat bedrijven leren hoe ze moeten opereren in een omgeving waar er genoeg werk is, maar niet genoeg mensen. Voor HR-managers, directeuren en bedrijfseigenaren is dit een signaal dat een strategisch antwoord vereist &#8211; niet alleen operationele lapmiddelen. <\/p>\n\n<figure class=\"wp-block-image alignwide size-large\"><img loading=\"lazy\" decoding=\"async\" width=\"1024\" height=\"402\" src=\"https:\/\/www.maxins.com\/wp-content\/uploads\/2026\/03\/AdobeStock_225348766-1024x402.jpeg\" alt=\"Statistieken met zakenman\" class=\"wp-image-12918\" srcset=\"https:\/\/www.maxins.com\/wp-content\/uploads\/2026\/03\/AdobeStock_225348766-1024x402.jpeg 1024w, https:\/\/www.maxins.com\/wp-content\/uploads\/2026\/03\/AdobeStock_225348766-300x118.jpeg 300w, https:\/\/www.maxins.com\/wp-content\/uploads\/2026\/03\/AdobeStock_225348766-768x302.jpeg 768w, https:\/\/www.maxins.com\/wp-content\/uploads\/2026\/03\/AdobeStock_225348766-1536x604.jpeg 1536w, https:\/\/www.maxins.com\/wp-content\/uploads\/2026\/03\/AdobeStock_225348766-2048x805.jpeg 2048w, https:\/\/www.maxins.com\/wp-content\/uploads\/2026\/03\/AdobeStock_225348766-480x189.jpeg 480w, https:\/\/www.maxins.com\/wp-content\/uploads\/2026\/03\/AdobeStock_225348766-992x390.jpeg 992w, https:\/\/www.maxins.com\/wp-content\/uploads\/2026\/03\/AdobeStock_225348766-1200x472.jpeg 1200w\" sizes=\"auto, (max-width: 1024px) 100vw, 1024px\" \/><\/figure>\n\n<h2 class=\"wp-block-heading\">Sterke sectoren groeiden, belangrijke sectoren verzwakten<\/h2>\n\n<p>Volgens de laatste beschikbare gegevens van Eurostat zal de werkgelegenheid in de EU in het derde kwartaal van 2025 uitkomen op 76,2%, terwijl de krapte op de arbeidsmarkt blijft steken op 11%. Europese analyses wijzen ook op een verschuiving van hogere werkgelegenheid weg van traditioneel &#8216;sterke&#8217; segmenten. <\/p>\n\n<p>De OESO Werkgelegenheidsvooruitzichten 2025 merkt op dat de sterkste groei van de werkgelegenheid in de OESO-landen in de dienstensectoren plaatsvindt, met name in de gezondheidszorg en sociale zorg. Volgens Eurofound zijn de structurele veranderingen op de Europese arbeidsmarkt in alle lidstaten vergelijkbaar: het aandeel van de werkgelegenheid in de dienstensector groeit op de lange termijn, terwijl de industrie, landbouw en mijnbouw afnemen. De bouw is de enige grote sector waar de trends per land verschillen, maar het aandeel van deze sector daalt ook in de meeste landen.  <\/p>\n\n<figure class=\"wp-block-table\"><table class=\"has-fixed-layout\"><tbody><tr><td><em>&#8220;We zien een duidelijke verschuiving: de traditionele pijlers van de economie verzwakken, terwijl de dienstensector en de gezondheidszorg groeien. Bedrijven zijn voorzichtig, maar waar de vraag stabiel is, trekt deze sterk aan.&#8221; <\/em> <strong>&#8211; Katar\u00edna Garajov\u00e1, CEO van MAXIN&#8217;S Group<\/strong><\/td><\/tr><\/tbody><\/table><\/figure>\n\n<h2 class=\"wp-block-heading\">De macht van regio&#8217;s en grote bedrijven<\/h2>\n\n<p>Deze trend wordt bevestigd door de laatste gegevens van het Slowaakse bureau voor de statistiek voor het tweede kwartaal van 2025. De werkgelegenheid daalde in het voorjaar voor het eerst in bijna twee jaar. Het verlies van werknemers was vooral uitgesproken in de bouwsector, waar meer dan 13 000 mensen verloren gingen, maar de daling trof ook de dienstensector &#8211; met name informatie en communicatie, onderwijs en gezondheidszorg.  <\/p>\n\n<p>Regionaal gezien daalde het aantal werknemers in vijf regio&#8217;s, waarvan Nitra de belangrijkste was. De industrie daarentegen kende een gematigde groei, wat erop wijst dat grote werkgevers erin geslaagd zijn om de aanwervingen te stabiliseren, zelfs in een periode van toegenomen onzekerheid. <\/p>\n\n<figure class=\"wp-block-table\"><table class=\"has-fixed-layout\"><tbody><tr><td><em>&#8220;Grote bedrijven hebben zich ontpopt tot marktstabilisatoren in 2025. Ze hebben het kapitaal en de projecten waarmee ze kunnen plannen voor de lange termijn.&#8221; <\/em> <strong>&#8211; Katar\u00edna Garajov\u00e1, CEO van MAXIN&#8217;S Group<\/strong><\/td><\/tr><\/tbody><\/table><\/figure>\n\n<p>Tegen het einde van het jaar begonnen kleinere bedrijven echter al te vertragen, voornamelijk als gevolg van stijgende kosten en onzekerheid over de vraag. Voor B2B-segmenten die afhankelijk zijn van onderaanneming voor grotere bedrijven is dit een waarschuwingssignaal &#8211; de vertraging verspreidt zich in de keten. <\/p>\n\n<h2 class=\"wp-block-heading\">De zekerheid in de sector is afgenomen en daarmee ook het comfort van bedrijven<\/h2>\n\n<p>Het grootste verlies van 2025 was de zekerheid in de industrie. Autofabrikanten en machinebouwers werden geconfronteerd met een combinatie van uitdagingen: tarieven, een zwakkere vraag in Duitsland, concurrentie uit Azi\u00eb en de transformatie naar elektromobiliteit. Daarbij kwamen nog hogere bedrijfskosten en consolidatiemaatregelen van de overheid.  <\/p>\n\n<figure class=\"wp-block-table\"><table class=\"has-fixed-layout\"><tbody><tr><td><em>&#8220;Als Duitsland lijdt, lijden wij ook. 2025 heeft dat heel duidelijk laten zien.&#8221; <\/em> <strong>&#8211; Katar\u00edna Garajov\u00e1, CEO van MAXIN&#8217;S Group<\/strong><\/td><\/tr><\/tbody><\/table><\/figure>\n\n<p>Bedrijven begonnen projecten uit te stellen, te optimaliseren en minder risico&#8217;s te nemen. Het einde van het jaar bracht ook een lichte stijging van de werkloosheid en een daling van de werkgelegenheid in de industrie, de handel en de dienstensector. Voor veel bedrijven was 2025 een jaar van afremmen &#8211; en dit geldt zowel voor productiebedrijven in de Nitra-regio als voor onderaannemers in IT en logistiek.  <\/p>\n\n<h2 class=\"wp-block-heading\">Recordaantal buitenlanders en een nieuwe bron van arbeidskrachten<\/h2>\n\n<p>Tegelijkertijd bracht 2025 een fundamentele verschuiving: buitenlandse werknemers zijn een pijler van de Slowaakse arbeidsmarkt geworden. In september werkten er 135.195 buitenlanders in Slowakije, het hoogste aantal ooit. Volgens gegevens van het Bureau voor Arbeid en Sociale Zaken vormden ze bijna 7% van de beroepsbevolking, waarbij hun aantal vooral toenam in de industrie, logistiek en dienstverlening.  <\/p>\n\n<figure class=\"wp-block-image size-large\"><img loading=\"lazy\" decoding=\"async\" width=\"1024\" height=\"574\" src=\"https:\/\/www.maxins.com\/wp-content\/uploads\/2026\/03\/AdobeStock_1874940667-1024x574.jpeg\" alt=\"Vinger van zakenman die gloeiende pijl naar boven aanraakt met groeigrafiek die financi&#xEB;le groei, succes en bedrijfsprestaties voorstelt\" class=\"wp-image-12936\" srcset=\"https:\/\/www.maxins.com\/wp-content\/uploads\/2026\/03\/AdobeStock_1874940667-1024x574.jpeg 1024w, https:\/\/www.maxins.com\/wp-content\/uploads\/2026\/03\/AdobeStock_1874940667-300x168.jpeg 300w, https:\/\/www.maxins.com\/wp-content\/uploads\/2026\/03\/AdobeStock_1874940667-768x430.jpeg 768w, https:\/\/www.maxins.com\/wp-content\/uploads\/2026\/03\/AdobeStock_1874940667-1536x861.jpeg 1536w, https:\/\/www.maxins.com\/wp-content\/uploads\/2026\/03\/AdobeStock_1874940667-2048x1148.jpeg 2048w, https:\/\/www.maxins.com\/wp-content\/uploads\/2026\/03\/AdobeStock_1874940667-480x269.jpeg 480w, https:\/\/www.maxins.com\/wp-content\/uploads\/2026\/03\/AdobeStock_1874940667-992x556.jpeg 992w, https:\/\/www.maxins.com\/wp-content\/uploads\/2026\/03\/AdobeStock_1874940667-1200x673.jpeg 1200w\" sizes=\"auto, (max-width: 1024px) 100vw, 1024px\" \/><\/figure>\n\n<p>Oekra\u00efners vormden de grootste groep, gevolgd door Servi\u00ebrs, Indi\u00ebrs, Tsjechen en Roemenen. Het aantal Indi\u00ebrs verdrievoudigde zelfs bijna, wat duidt op een structurele verandering in de samenstelling van de beroepsbevolking &#8211; en niet op een tijdelijk bliepje. <\/p>\n\n<figure class=\"wp-block-table\"><table class=\"has-fixed-layout\"><tbody><tr><td><em>&#8220;Het is een duidelijke trend: er is genoeg werk, maar niet genoeg mensen. Zonder buitenlandse werknemers zouden veel bedrijven niet kunnen functioneren.&#8221; <\/em> <strong>&#8211; Katar\u00edna Garajov\u00e1, CEO van MAXIN&#8217;S Group<\/strong><\/td><\/tr><\/tbody><\/table><\/figure>\n\n<p>Slowakije begint zo in de buurt te komen van Tsjechi\u00eb, waar meer dan 15% van de beroepsbevolking buitenlanders zijn. De uitdaging voor HR-afdelingen blijft echter integratie &#8211; taal, aanpassing en voorbereiding van Slowaakse collega&#8217;s om in multiculturele teams te werken. Dit is niet alleen een HR-kwestie &#8211; het is een strategische kwestie voor elk bedrijf dat duurzaam wil groeien.  <\/p>\n\n<h2 class=\"wp-block-heading\">Flexibiliteit, nieuwe bronnen van talent en lessen uit de realiteit<\/h2>\n\n<p>Het jaar 2025 was een jaar dat iets wegnam van de Slowaakse arbeidsmarkt, maar ook veel gaf. Het nam zekerheid weg in de industrie, comfort van bedrijven en voorspelbaarheid. Maar het bracht ook nieuwe arbeidsbronnen, een sterke groei in de gezondheidszorg en de dienstensector, en een duidelijke les: de arbeidsmarkt verandert sneller dan we gewend zijn.  <\/p>\n\n<figure class=\"wp-block-table\"><table class=\"has-fixed-layout\"><tbody><tr><td><em>&#8220;2025 heeft ons geleerd dat flexibiliteit geen voordeel is, maar een noodzaak. Zij die zich kunnen aanpassen zullen overleven.&#8221; <\/em> <strong>&#8211; Katar\u00edna Garajov\u00e1, CEO van MAXIN&#8217;S Group<\/strong><\/td><\/tr><\/tbody><\/table><\/figure>\n\n<p>En het is dit vermogen dat ook in 2026 het verschil zal maken. Bedrijven die investeren in aanpassingsvermogen &#8211; of het nu gaat om het diversifi\u00ebren van talentpools, het ontwikkelen van interne capaciteiten of het samenwerken met ervaren HR-bureaus &#8211; zullen de komende jaren een groot concurrentievoordeel hebben. <\/p>\n\n<p><strong>Wat te halen uit de balans van 2025:<\/strong><\/p>\n\n<p>De sector verzwakt &#8211; diversifieer de sectoren waarin je talent en kopers zoekt.<\/p>\n\n<p>Buitenlandse werknemers zijn een strategische noodzaak, geen noodoplossing. Investeer in hun integratie. <\/p>\n\n<p>Grote werkgevers <strong>zijn <\/strong>stabilisatoren &#8211; als je in hun toeleveringsketen zit, houd dan hun wervingsplannen in de gaten.<\/p>\n\n<p><strong>\u25b8 <\/strong>Regionale verschillen nemen toe &#8211; de regio Nitra en aangrenzende gebieden vereisen een andere aanpak van de HR-strategie.<\/p>\n\n<p>Flexibel personeel is essentieel &#8211; uitzendwerk en projectwerk zullen toenemen.<\/p>\n\n<p><\/p>\n","protected":false},"excerpt":{"rendered":"<p>Het jaar 2025 was een jaar van contrasten voor de Slowaakse arbeidsmarkt. Bedrijven worstelden met kosten, mensen en vraag, maar tegelijkertijd ontstond er een nieuwe pijler van de markt &#8211; een recordaantal buitenlandse werknemers. <\/p>\n","protected":false},"author":9,"featured_media":13771,"comment_status":"closed","ping_status":"closed","sticky":false,"template":"","format":"standard","meta":{"_acf_changed":false,"footnotes":""},"categories":[99],"tags":[],"class_list":["post-13767","post","type-post","status-publish","format-standard","has-post-thumbnail","hentry","category-maxins-nieuws"],"acf":[],"yoast_head":"<!-- This site is optimized with the Yoast SEO plugin v25.3.1 - https:\/\/yoast.com\/wordpress\/plugins\/seo\/ -->\n<title>De balans van 2025: waar de arbeidsmarkt groeide en waar hij verloor - MAXIN\u2019S<\/title>\n<meta name=\"description\" content=\"Slowaakse arbeidsmarkt in 2025: recordaantal buitenlanders, verzwakking industrie, groei gezondheidszorg. Complete trendanalyse voor B2B-managers en HR-professionals.\" \/>\n<meta name=\"robots\" content=\"index, follow, max-snippet:-1, max-image-preview:large, max-video-preview:-1\" \/>\n<link rel=\"canonical\" href=\"https:\/\/www.maxins.com\/nl\/de-balans-van-2025-waar-de-arbeidsmarkt-groeide-en-waar-hij-verloor\/\" \/>\n<meta property=\"og:locale\" content=\"nl_NL\" \/>\n<meta property=\"og:type\" content=\"article\" \/>\n<meta property=\"og:title\" content=\"De balans van 2025: waar de arbeidsmarkt groeide en waar hij verloor\" \/>\n<meta property=\"og:description\" content=\"Slowaakse arbeidsmarkt in 2025: recordaantal buitenlanders, verzwakking industrie, groei gezondheidszorg. Complete trendanalyse voor B2B-managers en HR-professionals.\" \/>\n<meta property=\"og:url\" content=\"https:\/\/www.maxins.com\/nl\/de-balans-van-2025-waar-de-arbeidsmarkt-groeide-en-waar-hij-verloor\/\" \/>\n<meta property=\"og:site_name\" content=\"MAXIN\u2019S\" \/>\n<meta property=\"article:published_time\" content=\"2026-03-13T13:22:38+00:00\" \/>\n<meta property=\"article:modified_time\" content=\"2026-04-10T09:46:51+00:00\" \/>\n<meta property=\"og:image\" content=\"https:\/\/www.maxins.com\/wp-content\/uploads\/2026\/03\/Bilancia-roka-2025_-Kde-trh-prace-rastol-a-kde-stracal-1-1024x538.png\" \/>\n<meta name=\"author\" content=\"Simona \u0160oltysov\u00e1\" \/>\n<meta name=\"twitter:card\" content=\"summary_large_image\" \/>\n<meta name=\"twitter:label1\" content=\"Geschreven door\" \/>\n\t<meta name=\"twitter:data1\" content=\"Simona \u0160oltysov\u00e1\" \/>\n\t<meta name=\"twitter:label2\" content=\"Geschatte leestijd\" \/>\n\t<meta name=\"twitter:data2\" content=\"5 minuten\" \/>\n<script type=\"application\/ld+json\" class=\"yoast-schema-graph\">{\"@context\":\"https:\/\/schema.org\",\"@graph\":[{\"@type\":\"WebPage\",\"@id\":\"https:\/\/www.maxins.com\/nl\/de-balans-van-2025-waar-de-arbeidsmarkt-groeide-en-waar-hij-verloor\/\",\"url\":\"https:\/\/www.maxins.com\/nl\/de-balans-van-2025-waar-de-arbeidsmarkt-groeide-en-waar-hij-verloor\/\",\"name\":\"De balans van 2025: waar de arbeidsmarkt groeide en waar hij verloor - MAXIN\u2019S\",\"isPartOf\":{\"@id\":\"https:\/\/www.maxins.com\/#website\"},\"primaryImageOfPage\":{\"@id\":\"https:\/\/www.maxins.com\/nl\/de-balans-van-2025-waar-de-arbeidsmarkt-groeide-en-waar-hij-verloor\/#primaryimage\"},\"image\":{\"@id\":\"https:\/\/www.maxins.com\/nl\/de-balans-van-2025-waar-de-arbeidsmarkt-groeide-en-waar-hij-verloor\/#primaryimage\"},\"thumbnailUrl\":\"https:\/\/www.maxins.com\/wp-content\/uploads\/2026\/03\/AdobeStock_1676714542.jpeg\",\"datePublished\":\"2026-03-13T13:22:38+00:00\",\"dateModified\":\"2026-04-10T09:46:51+00:00\",\"author\":{\"@id\":\"https:\/\/www.maxins.com\/#\/schema\/person\/1d0e9c8069cdbb8626fea193e0564f33\"},\"description\":\"Slowaakse arbeidsmarkt in 2025: recordaantal buitenlanders, verzwakking industrie, groei gezondheidszorg. Complete trendanalyse voor B2B-managers en HR-professionals.\",\"breadcrumb\":{\"@id\":\"https:\/\/www.maxins.com\/nl\/de-balans-van-2025-waar-de-arbeidsmarkt-groeide-en-waar-hij-verloor\/#breadcrumb\"},\"inLanguage\":\"nl-NL\",\"potentialAction\":[{\"@type\":\"ReadAction\",\"target\":[\"https:\/\/www.maxins.com\/nl\/de-balans-van-2025-waar-de-arbeidsmarkt-groeide-en-waar-hij-verloor\/\"]}]},{\"@type\":\"ImageObject\",\"inLanguage\":\"nl-NL\",\"@id\":\"https:\/\/www.maxins.com\/nl\/de-balans-van-2025-waar-de-arbeidsmarkt-groeide-en-waar-hij-verloor\/#primaryimage\",\"url\":\"https:\/\/www.maxins.com\/wp-content\/uploads\/2026\/03\/AdobeStock_1676714542.jpeg\",\"contentUrl\":\"https:\/\/www.maxins.com\/wp-content\/uploads\/2026\/03\/AdobeStock_1676714542.jpeg\",\"width\":3640,\"height\":2040,\"caption\":\"A city skyline with people moving, symbolizing the dynamic nature of the labor market and economic forces.\"},{\"@type\":\"BreadcrumbList\",\"@id\":\"https:\/\/www.maxins.com\/nl\/de-balans-van-2025-waar-de-arbeidsmarkt-groeide-en-waar-hij-verloor\/#breadcrumb\",\"itemListElement\":[{\"@type\":\"ListItem\",\"position\":1,\"name\":\"Domovsk\u00e1 str\u00e1nka\",\"item\":\"https:\/\/www.maxins.com\/nl\/\"},{\"@type\":\"ListItem\",\"position\":2,\"name\":\"De balans van 2025: waar de arbeidsmarkt groeide en waar hij verloor\"}]},{\"@type\":\"WebSite\",\"@id\":\"https:\/\/www.maxins.com\/#website\",\"url\":\"https:\/\/www.maxins.com\/\",\"name\":\"MAXIN\u2019S\",\"description\":\"\",\"potentialAction\":[{\"@type\":\"SearchAction\",\"target\":{\"@type\":\"EntryPoint\",\"urlTemplate\":\"https:\/\/www.maxins.com\/?s={search_term_string}\"},\"query-input\":{\"@type\":\"PropertyValueSpecification\",\"valueRequired\":true,\"valueName\":\"search_term_string\"}}],\"inLanguage\":\"nl-NL\"},{\"@type\":\"Person\",\"@id\":\"https:\/\/www.maxins.com\/#\/schema\/person\/1d0e9c8069cdbb8626fea193e0564f33\",\"name\":\"Simona \u0160oltysov\u00e1\",\"image\":{\"@type\":\"ImageObject\",\"inLanguage\":\"nl-NL\",\"@id\":\"https:\/\/www.maxins.com\/#\/schema\/person\/image\/\",\"url\":\"https:\/\/secure.gravatar.com\/avatar\/be6c3c6a6ca62b070d0f1663d37692869fa71f416bc9b25291a2b8df04ce4702?s=96&d=mm&r=g\",\"contentUrl\":\"https:\/\/secure.gravatar.com\/avatar\/be6c3c6a6ca62b070d0f1663d37692869fa71f416bc9b25291a2b8df04ce4702?s=96&d=mm&r=g\",\"caption\":\"Simona \u0160oltysov\u00e1\"},\"url\":\"https:\/\/www.maxins.com\/nl\/author\/soltysova\/\"}]}<\/script>\n<!-- \/ Yoast SEO plugin. -->","yoast_head_json":{"title":"De balans van 2025: waar de arbeidsmarkt groeide en waar hij verloor - MAXIN\u2019S","description":"Slowaakse arbeidsmarkt in 2025: recordaantal buitenlanders, verzwakking industrie, groei gezondheidszorg. Complete trendanalyse voor B2B-managers en HR-professionals.","robots":{"index":"index","follow":"follow","max-snippet":"max-snippet:-1","max-image-preview":"max-image-preview:large","max-video-preview":"max-video-preview:-1"},"canonical":"https:\/\/www.maxins.com\/nl\/de-balans-van-2025-waar-de-arbeidsmarkt-groeide-en-waar-hij-verloor\/","og_locale":"nl_NL","og_type":"article","og_title":"De balans van 2025: waar de arbeidsmarkt groeide en waar hij verloor","og_description":"Slowaakse arbeidsmarkt in 2025: recordaantal buitenlanders, verzwakking industrie, groei gezondheidszorg. Complete trendanalyse voor B2B-managers en HR-professionals.","og_url":"https:\/\/www.maxins.com\/nl\/de-balans-van-2025-waar-de-arbeidsmarkt-groeide-en-waar-hij-verloor\/","og_site_name":"MAXIN\u2019S","article_published_time":"2026-03-13T13:22:38+00:00","article_modified_time":"2026-04-10T09:46:51+00:00","og_image":[{"url":"https:\/\/www.maxins.com\/wp-content\/uploads\/2026\/03\/Bilancia-roka-2025_-Kde-trh-prace-rastol-a-kde-stracal-1-1024x538.png","type":"","width":"","height":""}],"author":"Simona \u0160oltysov\u00e1","twitter_card":"summary_large_image","twitter_misc":{"Geschreven door":"Simona \u0160oltysov\u00e1","Geschatte leestijd":"5 minuten"},"schema":{"@context":"https:\/\/schema.org","@graph":[{"@type":"WebPage","@id":"https:\/\/www.maxins.com\/nl\/de-balans-van-2025-waar-de-arbeidsmarkt-groeide-en-waar-hij-verloor\/","url":"https:\/\/www.maxins.com\/nl\/de-balans-van-2025-waar-de-arbeidsmarkt-groeide-en-waar-hij-verloor\/","name":"De balans van 2025: waar de arbeidsmarkt groeide en waar hij verloor - MAXIN\u2019S","isPartOf":{"@id":"https:\/\/www.maxins.com\/#website"},"primaryImageOfPage":{"@id":"https:\/\/www.maxins.com\/nl\/de-balans-van-2025-waar-de-arbeidsmarkt-groeide-en-waar-hij-verloor\/#primaryimage"},"image":{"@id":"https:\/\/www.maxins.com\/nl\/de-balans-van-2025-waar-de-arbeidsmarkt-groeide-en-waar-hij-verloor\/#primaryimage"},"thumbnailUrl":"https:\/\/www.maxins.com\/wp-content\/uploads\/2026\/03\/AdobeStock_1676714542.jpeg","datePublished":"2026-03-13T13:22:38+00:00","dateModified":"2026-04-10T09:46:51+00:00","author":{"@id":"https:\/\/www.maxins.com\/#\/schema\/person\/1d0e9c8069cdbb8626fea193e0564f33"},"description":"Slowaakse arbeidsmarkt in 2025: recordaantal buitenlanders, verzwakking industrie, groei gezondheidszorg. Complete trendanalyse voor B2B-managers en HR-professionals.","breadcrumb":{"@id":"https:\/\/www.maxins.com\/nl\/de-balans-van-2025-waar-de-arbeidsmarkt-groeide-en-waar-hij-verloor\/#breadcrumb"},"inLanguage":"nl-NL","potentialAction":[{"@type":"ReadAction","target":["https:\/\/www.maxins.com\/nl\/de-balans-van-2025-waar-de-arbeidsmarkt-groeide-en-waar-hij-verloor\/"]}]},{"@type":"ImageObject","inLanguage":"nl-NL","@id":"https:\/\/www.maxins.com\/nl\/de-balans-van-2025-waar-de-arbeidsmarkt-groeide-en-waar-hij-verloor\/#primaryimage","url":"https:\/\/www.maxins.com\/wp-content\/uploads\/2026\/03\/AdobeStock_1676714542.jpeg","contentUrl":"https:\/\/www.maxins.com\/wp-content\/uploads\/2026\/03\/AdobeStock_1676714542.jpeg","width":3640,"height":2040,"caption":"A city skyline with people moving, symbolizing the dynamic nature of the labor market and economic forces."},{"@type":"BreadcrumbList","@id":"https:\/\/www.maxins.com\/nl\/de-balans-van-2025-waar-de-arbeidsmarkt-groeide-en-waar-hij-verloor\/#breadcrumb","itemListElement":[{"@type":"ListItem","position":1,"name":"Domovsk\u00e1 str\u00e1nka","item":"https:\/\/www.maxins.com\/nl\/"},{"@type":"ListItem","position":2,"name":"De balans van 2025: waar de arbeidsmarkt groeide en waar hij verloor"}]},{"@type":"WebSite","@id":"https:\/\/www.maxins.com\/#website","url":"https:\/\/www.maxins.com\/","name":"MAXIN\u2019S","description":"","potentialAction":[{"@type":"SearchAction","target":{"@type":"EntryPoint","urlTemplate":"https:\/\/www.maxins.com\/?s={search_term_string}"},"query-input":{"@type":"PropertyValueSpecification","valueRequired":true,"valueName":"search_term_string"}}],"inLanguage":"nl-NL"},{"@type":"Person","@id":"https:\/\/www.maxins.com\/#\/schema\/person\/1d0e9c8069cdbb8626fea193e0564f33","name":"Simona \u0160oltysov\u00e1","image":{"@type":"ImageObject","inLanguage":"nl-NL","@id":"https:\/\/www.maxins.com\/#\/schema\/person\/image\/","url":"https:\/\/secure.gravatar.com\/avatar\/be6c3c6a6ca62b070d0f1663d37692869fa71f416bc9b25291a2b8df04ce4702?s=96&d=mm&r=g","contentUrl":"https:\/\/secure.gravatar.com\/avatar\/be6c3c6a6ca62b070d0f1663d37692869fa71f416bc9b25291a2b8df04ce4702?s=96&d=mm&r=g","caption":"Simona \u0160oltysov\u00e1"},"url":"https:\/\/www.maxins.com\/nl\/author\/soltysova\/"}]}},"_links":{"self":[{"href":"https:\/\/www.maxins.com\/nl\/wp-json\/wp\/v2\/posts\/13767","targetHints":{"allow":["GET"]}}],"collection":[{"href":"https:\/\/www.maxins.com\/nl\/wp-json\/wp\/v2\/posts"}],"about":[{"href":"https:\/\/www.maxins.com\/nl\/wp-json\/wp\/v2\/types\/post"}],"author":[{"embeddable":true,"href":"https:\/\/www.maxins.com\/nl\/wp-json\/wp\/v2\/users\/9"}],"replies":[{"embeddable":true,"href":"https:\/\/www.maxins.com\/nl\/wp-json\/wp\/v2\/comments?post=13767"}],"version-history":[{"count":1,"href":"https:\/\/www.maxins.com\/nl\/wp-json\/wp\/v2\/posts\/13767\/revisions"}],"predecessor-version":[{"id":13773,"href":"https:\/\/www.maxins.com\/nl\/wp-json\/wp\/v2\/posts\/13767\/revisions\/13773"}],"wp:featuredmedia":[{"embeddable":true,"href":"https:\/\/www.maxins.com\/nl\/wp-json\/wp\/v2\/media\/13771"}],"wp:attachment":[{"href":"https:\/\/www.maxins.com\/nl\/wp-json\/wp\/v2\/media?parent=13767"}],"wp:term":[{"taxonomy":"category","embeddable":true,"href":"https:\/\/www.maxins.com\/nl\/wp-json\/wp\/v2\/categories?post=13767"},{"taxonomy":"post_tag","embeddable":true,"href":"https:\/\/www.maxins.com\/nl\/wp-json\/wp\/v2\/tags?post=13767"}],"curies":[{"name":"wp","href":"https:\/\/api.w.org\/{rel}","templated":true}]}}