{"id":13892,"date":"2025-04-17T10:30:21","date_gmt":"2025-04-17T10:30:21","guid":{"rendered":"https:\/\/www.maxins.com\/ze-willen-social-media-sterren-zijn-geen-lopende-banden-waar-zijn-de-jonge-werknemers\/"},"modified":"2025-04-17T10:30:21","modified_gmt":"2025-04-17T10:30:21","slug":"ze-willen-social-media-sterren-zijn-geen-lopende-banden-waar-zijn-de-jonge-werknemers","status":"publish","type":"post","link":"https:\/\/www.maxins.com\/nl\/ze-willen-social-media-sterren-zijn-geen-lopende-banden-waar-zijn-de-jonge-werknemers\/","title":{"rendered":"Ze willen social media-sterren zijn, geen lopende banden: waar zijn de jonge werknemers?"},"content":{"rendered":"<h2 class=\"text-xl font-bold text-text-100 mt-1 -mb-0.5\">Generatie Z en hun carri\u00e8redromen<\/h2>\n<p class=\"whitespace-pre-wrap break-words\">Onderzoeken tonen aan dat tot 30% van de jongeren tussen 16 en 24 jaar een influencer, YouTuber of social media content creator als carri\u00e8redoel noemt. Dit verlangen naar roem en onafhankelijkheid op sociale platforms roept echter een fundamentele vraag op: wie zal er in de traditionele, maar nog steeds essenti\u00eble industrie\u00ebn werken? <\/p>\n<p class=\"whitespace-pre-wrap break-words\">Jana \u0160imov\u00e1, recruitment manager bij het wervingsbureau MAXIN&#8217;S Group, wijst ook op het gebrek aan gekwalificeerde werknemers: &#8220;Naar mijn mening heeft de huidige arbeidsmarkt in Slowakije te maken met een aanzienlijk tekort aan arbeidskrachten, en het aantal vacatures neemt voortdurend toe. De meest kritieke situatie doet zich voor op technisch gebied en in de productie, waar jonge mensen gewoon niet ge\u00efnteresseerd zijn om te werken.&#8221; <\/p>\n<h2 class=\"text-xl font-bold text-text-100 mt-1 -mb-0.5\">Waarom wijzen jongeren traditionele beroepen af?<\/h2>\n<p class=\"whitespace-pre-wrap break-words\">De redenen voor deze trend zijn complex:<\/p>\n<ul class=\"[&amp;:not(:last-child)_ul]:pb-1 [&amp;:not(:last-child)_ol]:pb-1 list-disc space-y-1.5 pl-7\">\n<li class=\"whitespace-normal break-words\"><strong>De visie van snel succes<\/strong> &#8211; Sociale netwerken cre\u00ebren de illusie dat je snel en gemakkelijk rijk kunt worden<\/li>\n<li class=\"whitespace-normal break-words\"><strong>Weerstand tegen routine<\/strong> &#8211; Jongeren verwerpen vaak het idee van een regelmatige werkdag van 8 uur.<\/li>\n<li class=\"whitespace-normal break-words\"><strong>Verlangen naar zelfontplooiing<\/strong> &#8211; Generatie Z verwacht zinvolheid en ruimte voor creativiteit op het werk<\/li>\n<li class=\"whitespace-normal break-words\"><strong>Gebrek aan informatie<\/strong> &#8211; Veel mensen hebben geen echt idee over toekomstige vakgebieden en beroepen<\/li>\n<\/ul>\n<p class=\"whitespace-pre-wrap break-words\">&#8220;Het is paradoxaal dat, terwijl veel jonge mensen op zoek zijn naar een baan op sociale netwerken met het vooruitzicht op hoge inkomens, we in de sector vaak startsalarissen bieden die hoger zijn dan het Slowaakse gemiddelde, maar toch niet in staat zijn om vacatures in te vullen&#8221;, voegt \u0160imov\u00e1 toe.<\/p>\n<h2 class=\"text-xl font-bold text-text-100 mt-1 -mb-0.5\">Hoe los je deze tegenstrijdigheid op?<\/h2>\n<p class=\"whitespace-pre-wrap break-words\">Deskundigen zijn het erover eens dat de oplossing van meerdere kanten moet komen:<\/p>\n<ol class=\"[&amp;:not(:last-child)_ul]:pb-1 [&amp;:not(:last-child)_ol]:pb-1 list-decimal space-y-1.5 pl-7\">\n<li class=\"whitespace-normal break-words\"><strong>Scholen<\/strong> moeten onderwijs en praktijk beter op elkaar afstemmen en realistische loopbaanbegeleiding bieden<\/li>\n<li class=\"whitespace-normal break-words\"><strong>Bedrijven<\/strong> moeten hun aanpak moderniseren en aantrekkelijkere arbeidsomstandigheden cre\u00ebren<\/li>\n<li class=\"whitespace-normal break-words\"><strong>Ouders<\/strong> moeten open discussies voeren over realistische carri\u00e8remogelijkheden<\/li>\n<li class=\"whitespace-normal break-words\"><strong>Media en be\u00efnvloeders<\/strong> kunnen ook helpen om minder &#8216;sexy&#8217; beroepen te promoten<\/li>\n<\/ol>\n<h2 class=\"text-xl font-bold text-text-100 mt-1 -mb-0.5\">Realiteit vs. verwachtingen<\/h2>\n<p class=\"whitespace-pre-wrap break-words\">Statistieken tonen aan dat slechts ongeveer 1% van de contentmakers op sociale media in staat is om volledig van hun werk te leven. Integendeel, technische velden en de industrie bieden al lang stabiele en goedbetaalde banen met de mogelijkheid om door te groeien in hun carri\u00e8re. <\/p>\n<p class=\"whitespace-pre-wrap break-words\">&#8220;We nemen jongeren hun dromen niet af, maar we proberen hen te laten zien dat ze ook in traditionele industrie\u00ebn voldoening en stabiliteit kunnen vinden. De functies van onderhoudstechnicus, CNC-machineoperator of kwaliteitsspecialist bieden bijvoorbeeld niet alleen een goede financi\u00eble beloning, maar ook ruimte voor professionele groei,&#8221; legt Jana \u0160imov\u00e1 uit. <\/p>\n<h2 class=\"text-xl font-bold text-text-100 mt-1 -mb-0.5\">Wat zal de toekomst brengen?<\/h2>\n<p class=\"whitespace-pre-wrap break-words\">Het debat over de prioriteiten van jongeren en hun vooruitzichten op de arbeidsmarkt is belangrijker dan ooit. Uit de demografische gegevens blijkt duidelijk dat de bevolking vergrijst en zonder voldoende jonge geschoolde werknemers zal de Slowaakse economie met ernstige problemen te kampen krijgen. <\/p>\n<p class=\"whitespace-pre-wrap break-words\">Misschien is dit het juiste moment voor een open dialoog tussen de generaties en een heroverweging van wat een succesvolle carri\u00e8re in de 21e eeuw echt betekent. <\/p>\n<hr>\n<p class=\"whitespace-pre-wrap break-words\"><em>Wat is jouw mening over dit onderwerp? Volgt u de carri\u00e8replannen van uw kinderen? Deel je ervaringen met ons.  <\/em><\/p>\n<hr>\n","protected":false},"excerpt":{"rendered":"<p>De Slowaakse arbeidsmarkt kampt de laatste jaren met een ernstig probleem. Terwijl bedrijven een tekort aan geschoolde werknemers melden, heeft de jongere generatie vaak heel andere loopbaanambities dan hun ouders. De richting die velen van hen inslaan, komt echter vaak niet overeen met de werkelijke behoeften van de markt.  <\/p>\n","protected":false},"author":7,"featured_media":13893,"comment_status":"open","ping_status":"open","sticky":false,"template":"","format":"standard","meta":{"_acf_changed":false,"footnotes":""},"categories":[104],"tags":[],"class_list":["post-13892","post","type-post","status-publish","format-standard","has-post-thumbnail","hentry","category-hr-trends"],"acf":[],"yoast_head":"<!-- This site is optimized with the Yoast SEO plugin v25.3.1 - https:\/\/yoast.com\/wordpress\/plugins\/seo\/ -->\n<title>Ze willen social media-sterren zijn, geen lopende banden: waar zijn de jonge werknemers? - MAXIN\u2019S<\/title>\n<meta name=\"robots\" content=\"index, follow, max-snippet:-1, max-image-preview:large, max-video-preview:-1\" \/>\n<link rel=\"canonical\" href=\"https:\/\/www.maxins.com\/nl\/ze-willen-social-media-sterren-zijn-geen-lopende-banden-waar-zijn-de-jonge-werknemers\/\" \/>\n<meta property=\"og:locale\" content=\"nl_NL\" \/>\n<meta property=\"og:type\" content=\"article\" \/>\n<meta property=\"og:title\" content=\"Ze willen social media-sterren zijn, geen lopende banden: waar zijn de jonge werknemers? - MAXIN\u2019S\" \/>\n<meta property=\"og:description\" content=\"De Slowaakse arbeidsmarkt kampt de laatste jaren met een ernstig probleem. Terwijl bedrijven een tekort aan geschoolde werknemers melden, heeft de jongere generatie vaak heel andere loopbaanambities dan hun ouders. De richting die velen van hen inslaan, komt echter vaak niet overeen met de werkelijke behoeften van de markt.\" \/>\n<meta property=\"og:url\" content=\"https:\/\/www.maxins.com\/nl\/ze-willen-social-media-sterren-zijn-geen-lopende-banden-waar-zijn-de-jonge-werknemers\/\" \/>\n<meta property=\"og:site_name\" content=\"MAXIN\u2019S\" \/>\n<meta property=\"article:published_time\" content=\"2025-04-17T10:30:21+00:00\" \/>\n<meta property=\"og:image\" content=\"https:\/\/www.maxins.com\/wp-content\/uploads\/2025\/04\/Chcu-byt-hviezdami-socialnych-sieti-nie-montaznych-liniek-Kde-su-mladi-pracovnici.png\" \/>\n\t<meta property=\"og:image:width\" content=\"1080\" \/>\n\t<meta property=\"og:image:height\" content=\"722\" \/>\n\t<meta property=\"og:image:type\" content=\"image\/png\" \/>\n<meta name=\"author\" content=\"Viliam Dzuris\" \/>\n<meta name=\"twitter:card\" content=\"summary_large_image\" \/>\n<meta name=\"twitter:label1\" content=\"Geschreven door\" \/>\n\t<meta name=\"twitter:data1\" content=\"Viliam Dzuris\" \/>\n\t<meta name=\"twitter:label2\" content=\"Geschatte leestijd\" \/>\n\t<meta name=\"twitter:data2\" content=\"3 minuten\" \/>\n<script type=\"application\/ld+json\" class=\"yoast-schema-graph\">{\"@context\":\"https:\/\/schema.org\",\"@graph\":[{\"@type\":\"WebPage\",\"@id\":\"https:\/\/www.maxins.com\/nl\/ze-willen-social-media-sterren-zijn-geen-lopende-banden-waar-zijn-de-jonge-werknemers\/\",\"url\":\"https:\/\/www.maxins.com\/nl\/ze-willen-social-media-sterren-zijn-geen-lopende-banden-waar-zijn-de-jonge-werknemers\/\",\"name\":\"Ze willen social media-sterren zijn, geen lopende banden: waar zijn de jonge werknemers? - MAXIN\u2019S\",\"isPartOf\":{\"@id\":\"https:\/\/www.maxins.com\/#website\"},\"primaryImageOfPage\":{\"@id\":\"https:\/\/www.maxins.com\/nl\/ze-willen-social-media-sterren-zijn-geen-lopende-banden-waar-zijn-de-jonge-werknemers\/#primaryimage\"},\"image\":{\"@id\":\"https:\/\/www.maxins.com\/nl\/ze-willen-social-media-sterren-zijn-geen-lopende-banden-waar-zijn-de-jonge-werknemers\/#primaryimage\"},\"thumbnailUrl\":\"https:\/\/www.maxins.com\/wp-content\/uploads\/2025\/04\/Chcu-byt-hviezdami-socialnych-sieti-nie-montaznych-liniek-Kde-su-mladi-pracovnici.png\",\"datePublished\":\"2025-04-17T10:30:21+00:00\",\"author\":{\"@id\":\"https:\/\/www.maxins.com\/#\/schema\/person\/e73645d16151a6cbcba96ba09af71a7e\"},\"breadcrumb\":{\"@id\":\"https:\/\/www.maxins.com\/nl\/ze-willen-social-media-sterren-zijn-geen-lopende-banden-waar-zijn-de-jonge-werknemers\/#breadcrumb\"},\"inLanguage\":\"nl-NL\",\"potentialAction\":[{\"@type\":\"ReadAction\",\"target\":[\"https:\/\/www.maxins.com\/nl\/ze-willen-social-media-sterren-zijn-geen-lopende-banden-waar-zijn-de-jonge-werknemers\/\"]}]},{\"@type\":\"ImageObject\",\"inLanguage\":\"nl-NL\",\"@id\":\"https:\/\/www.maxins.com\/nl\/ze-willen-social-media-sterren-zijn-geen-lopende-banden-waar-zijn-de-jonge-werknemers\/#primaryimage\",\"url\":\"https:\/\/www.maxins.com\/wp-content\/uploads\/2025\/04\/Chcu-byt-hviezdami-socialnych-sieti-nie-montaznych-liniek-Kde-su-mladi-pracovnici.png\",\"contentUrl\":\"https:\/\/www.maxins.com\/wp-content\/uploads\/2025\/04\/Chcu-byt-hviezdami-socialnych-sieti-nie-montaznych-liniek-Kde-su-mladi-pracovnici.png\",\"width\":1080,\"height\":722,\"caption\":\"Chcu\u0301 byt\u030c hviezdami socia\u0301lnych sieti\u0301, nie monta\u0301z\u030cnych liniek Kde su\u0301 mladi\u0301 pracovni\u0301ci?\"},{\"@type\":\"BreadcrumbList\",\"@id\":\"https:\/\/www.maxins.com\/nl\/ze-willen-social-media-sterren-zijn-geen-lopende-banden-waar-zijn-de-jonge-werknemers\/#breadcrumb\",\"itemListElement\":[{\"@type\":\"ListItem\",\"position\":1,\"name\":\"Domovsk\u00e1 str\u00e1nka\",\"item\":\"https:\/\/www.maxins.com\/nl\/\"},{\"@type\":\"ListItem\",\"position\":2,\"name\":\"Ze willen social media-sterren zijn, geen lopende banden: waar zijn de jonge werknemers?\"}]},{\"@type\":\"WebSite\",\"@id\":\"https:\/\/www.maxins.com\/#website\",\"url\":\"https:\/\/www.maxins.com\/\",\"name\":\"MAXIN\u2019S\",\"description\":\"\",\"potentialAction\":[{\"@type\":\"SearchAction\",\"target\":{\"@type\":\"EntryPoint\",\"urlTemplate\":\"https:\/\/www.maxins.com\/?s={search_term_string}\"},\"query-input\":{\"@type\":\"PropertyValueSpecification\",\"valueRequired\":true,\"valueName\":\"search_term_string\"}}],\"inLanguage\":\"nl-NL\"},{\"@type\":\"Person\",\"@id\":\"https:\/\/www.maxins.com\/#\/schema\/person\/e73645d16151a6cbcba96ba09af71a7e\",\"name\":\"Viliam Dzuris\",\"image\":{\"@type\":\"ImageObject\",\"inLanguage\":\"nl-NL\",\"@id\":\"https:\/\/www.maxins.com\/#\/schema\/person\/image\/\",\"url\":\"https:\/\/secure.gravatar.com\/avatar\/29414707a595d9d941ddce6b30fc9499b73201a58080b10fc20d9b40b4a9b4ae?s=96&d=mm&r=g\",\"contentUrl\":\"https:\/\/secure.gravatar.com\/avatar\/29414707a595d9d941ddce6b30fc9499b73201a58080b10fc20d9b40b4a9b4ae?s=96&d=mm&r=g\",\"caption\":\"Viliam Dzuris\"},\"url\":\"https:\/\/www.maxins.com\/nl\/author\/viliam-dzuris\/\"}]}<\/script>\n<!-- \/ Yoast SEO plugin. -->","yoast_head_json":{"title":"Ze willen social media-sterren zijn, geen lopende banden: waar zijn de jonge werknemers? - MAXIN\u2019S","robots":{"index":"index","follow":"follow","max-snippet":"max-snippet:-1","max-image-preview":"max-image-preview:large","max-video-preview":"max-video-preview:-1"},"canonical":"https:\/\/www.maxins.com\/nl\/ze-willen-social-media-sterren-zijn-geen-lopende-banden-waar-zijn-de-jonge-werknemers\/","og_locale":"nl_NL","og_type":"article","og_title":"Ze willen social media-sterren zijn, geen lopende banden: waar zijn de jonge werknemers? - MAXIN\u2019S","og_description":"De Slowaakse arbeidsmarkt kampt de laatste jaren met een ernstig probleem. Terwijl bedrijven een tekort aan geschoolde werknemers melden, heeft de jongere generatie vaak heel andere loopbaanambities dan hun ouders. De richting die velen van hen inslaan, komt echter vaak niet overeen met de werkelijke behoeften van de markt.","og_url":"https:\/\/www.maxins.com\/nl\/ze-willen-social-media-sterren-zijn-geen-lopende-banden-waar-zijn-de-jonge-werknemers\/","og_site_name":"MAXIN\u2019S","article_published_time":"2025-04-17T10:30:21+00:00","og_image":[{"width":1080,"height":722,"url":"https:\/\/www.maxins.com\/wp-content\/uploads\/2025\/04\/Chcu-byt-hviezdami-socialnych-sieti-nie-montaznych-liniek-Kde-su-mladi-pracovnici.png","type":"image\/png"}],"author":"Viliam Dzuris","twitter_card":"summary_large_image","twitter_misc":{"Geschreven door":"Viliam Dzuris","Geschatte leestijd":"3 minuten"},"schema":{"@context":"https:\/\/schema.org","@graph":[{"@type":"WebPage","@id":"https:\/\/www.maxins.com\/nl\/ze-willen-social-media-sterren-zijn-geen-lopende-banden-waar-zijn-de-jonge-werknemers\/","url":"https:\/\/www.maxins.com\/nl\/ze-willen-social-media-sterren-zijn-geen-lopende-banden-waar-zijn-de-jonge-werknemers\/","name":"Ze willen social media-sterren zijn, geen lopende banden: waar zijn de jonge werknemers? - MAXIN\u2019S","isPartOf":{"@id":"https:\/\/www.maxins.com\/#website"},"primaryImageOfPage":{"@id":"https:\/\/www.maxins.com\/nl\/ze-willen-social-media-sterren-zijn-geen-lopende-banden-waar-zijn-de-jonge-werknemers\/#primaryimage"},"image":{"@id":"https:\/\/www.maxins.com\/nl\/ze-willen-social-media-sterren-zijn-geen-lopende-banden-waar-zijn-de-jonge-werknemers\/#primaryimage"},"thumbnailUrl":"https:\/\/www.maxins.com\/wp-content\/uploads\/2025\/04\/Chcu-byt-hviezdami-socialnych-sieti-nie-montaznych-liniek-Kde-su-mladi-pracovnici.png","datePublished":"2025-04-17T10:30:21+00:00","author":{"@id":"https:\/\/www.maxins.com\/#\/schema\/person\/e73645d16151a6cbcba96ba09af71a7e"},"breadcrumb":{"@id":"https:\/\/www.maxins.com\/nl\/ze-willen-social-media-sterren-zijn-geen-lopende-banden-waar-zijn-de-jonge-werknemers\/#breadcrumb"},"inLanguage":"nl-NL","potentialAction":[{"@type":"ReadAction","target":["https:\/\/www.maxins.com\/nl\/ze-willen-social-media-sterren-zijn-geen-lopende-banden-waar-zijn-de-jonge-werknemers\/"]}]},{"@type":"ImageObject","inLanguage":"nl-NL","@id":"https:\/\/www.maxins.com\/nl\/ze-willen-social-media-sterren-zijn-geen-lopende-banden-waar-zijn-de-jonge-werknemers\/#primaryimage","url":"https:\/\/www.maxins.com\/wp-content\/uploads\/2025\/04\/Chcu-byt-hviezdami-socialnych-sieti-nie-montaznych-liniek-Kde-su-mladi-pracovnici.png","contentUrl":"https:\/\/www.maxins.com\/wp-content\/uploads\/2025\/04\/Chcu-byt-hviezdami-socialnych-sieti-nie-montaznych-liniek-Kde-su-mladi-pracovnici.png","width":1080,"height":722,"caption":"Chcu\u0301 byt\u030c hviezdami socia\u0301lnych sieti\u0301, nie monta\u0301z\u030cnych liniek Kde su\u0301 mladi\u0301 pracovni\u0301ci?"},{"@type":"BreadcrumbList","@id":"https:\/\/www.maxins.com\/nl\/ze-willen-social-media-sterren-zijn-geen-lopende-banden-waar-zijn-de-jonge-werknemers\/#breadcrumb","itemListElement":[{"@type":"ListItem","position":1,"name":"Domovsk\u00e1 str\u00e1nka","item":"https:\/\/www.maxins.com\/nl\/"},{"@type":"ListItem","position":2,"name":"Ze willen social media-sterren zijn, geen lopende banden: waar zijn de jonge werknemers?"}]},{"@type":"WebSite","@id":"https:\/\/www.maxins.com\/#website","url":"https:\/\/www.maxins.com\/","name":"MAXIN\u2019S","description":"","potentialAction":[{"@type":"SearchAction","target":{"@type":"EntryPoint","urlTemplate":"https:\/\/www.maxins.com\/?s={search_term_string}"},"query-input":{"@type":"PropertyValueSpecification","valueRequired":true,"valueName":"search_term_string"}}],"inLanguage":"nl-NL"},{"@type":"Person","@id":"https:\/\/www.maxins.com\/#\/schema\/person\/e73645d16151a6cbcba96ba09af71a7e","name":"Viliam Dzuris","image":{"@type":"ImageObject","inLanguage":"nl-NL","@id":"https:\/\/www.maxins.com\/#\/schema\/person\/image\/","url":"https:\/\/secure.gravatar.com\/avatar\/29414707a595d9d941ddce6b30fc9499b73201a58080b10fc20d9b40b4a9b4ae?s=96&d=mm&r=g","contentUrl":"https:\/\/secure.gravatar.com\/avatar\/29414707a595d9d941ddce6b30fc9499b73201a58080b10fc20d9b40b4a9b4ae?s=96&d=mm&r=g","caption":"Viliam Dzuris"},"url":"https:\/\/www.maxins.com\/nl\/author\/viliam-dzuris\/"}]}},"_links":{"self":[{"href":"https:\/\/www.maxins.com\/nl\/wp-json\/wp\/v2\/posts\/13892","targetHints":{"allow":["GET"]}}],"collection":[{"href":"https:\/\/www.maxins.com\/nl\/wp-json\/wp\/v2\/posts"}],"about":[{"href":"https:\/\/www.maxins.com\/nl\/wp-json\/wp\/v2\/types\/post"}],"author":[{"embeddable":true,"href":"https:\/\/www.maxins.com\/nl\/wp-json\/wp\/v2\/users\/7"}],"replies":[{"embeddable":true,"href":"https:\/\/www.maxins.com\/nl\/wp-json\/wp\/v2\/comments?post=13892"}],"version-history":[{"count":0,"href":"https:\/\/www.maxins.com\/nl\/wp-json\/wp\/v2\/posts\/13892\/revisions"}],"wp:featuredmedia":[{"embeddable":true,"href":"https:\/\/www.maxins.com\/nl\/wp-json\/wp\/v2\/media\/13893"}],"wp:attachment":[{"href":"https:\/\/www.maxins.com\/nl\/wp-json\/wp\/v2\/media?parent=13892"}],"wp:term":[{"taxonomy":"category","embeddable":true,"href":"https:\/\/www.maxins.com\/nl\/wp-json\/wp\/v2\/categories?post=13892"},{"taxonomy":"post_tag","embeddable":true,"href":"https:\/\/www.maxins.com\/nl\/wp-json\/wp\/v2\/tags?post=13892"}],"curies":[{"name":"wp","href":"https:\/\/api.w.org\/{rel}","templated":true}]}}