{"id":13923,"date":"2025-04-30T12:19:15","date_gmt":"2025-04-30T12:19:15","guid":{"rendered":"https:\/\/www.maxins.com\/hoe-veranderen-de-verwachtingen-van-werkgevers-katarina-garajovas-visie-op-de-arbeidsmarkt-in-2025\/"},"modified":"2025-04-30T12:19:15","modified_gmt":"2025-04-30T12:19:15","slug":"hoe-veranderen-de-verwachtingen-van-werkgevers-katarina-garajovas-visie-op-de-arbeidsmarkt-in-2025","status":"publish","type":"post","link":"https:\/\/www.maxins.com\/nl\/hoe-veranderen-de-verwachtingen-van-werkgevers-katarina-garajovas-visie-op-de-arbeidsmarkt-in-2025\/","title":{"rendered":"Hoe veranderen de verwachtingen van werkgevers? Katar\u00edna Garajov\u00e1&#8217;s visie op de arbeidsmarkt in 2025"},"content":{"rendered":"<h2 class=\"text-xl font-bold text-text-100 mt-1 -mb-0.5\">Van loyaliteit naar aanpassingsvermogen: de evolutie van de arbeidsmarkt<\/h2>\n<p class=\"whitespace-pre-wrap break-words\">De arbeidsmarkt is de afgelopen decennia ingrijpend veranderd. Terwijl in het verleden een levenslange carri\u00e8re bij \u00e9\u00e9n werkgever heel gewoon was, en werkgevers vooral de nadruk legden op expertise in een bepaald vakgebied en loyaliteit aan het bedrijf, is dit model vandaag de dag niet meer geldig. <\/p>\n<blockquote>\n<p class=\"whitespace-pre-wrap break-words\">&#8220;Vroeger zochten we naar gespecialiseerde deskundigen die hun vaardigheden al lange tijd op \u00e9\u00e9n gebied hadden aangescherpt&#8221;, <strong>legt Katar\u00edna Garajov\u00e1 uit.<\/strong> &#8220;De werkomgeving was vaak star, met vaste werktijden en duidelijk omschreven taken. Stabiliteit was een belangrijke waarde. Vandaag de dag is de situatie totaal anders.&#8221;<\/p>\n<\/blockquote>\n<h2 class=\"text-xl font-bold text-text-100 mt-1 -mb-0.5\">Nieuwe prioriteiten: flexibiliteit, digitale vaardigheden en aanpassingsvermogen<\/h2>\n<p class=\"whitespace-pre-wrap break-words\">Tegenwoordig zijn werkgevers op zoek naar kandidaten met een breder scala aan vaardigheden, waarbij technische kennis slechts de basis vormt. Zachte vaardigheden &#8211; het vermogen om effectief te communiceren, samen te werken in een team en problemen op te lossen &#8211; treden op de voorgrond.  <\/p>\n<blockquote>\n<p class=\"whitespace-pre-wrap break-words\">&#8220;De werknemer van vandaag moet zich kunnen aanpassen&#8221;, benadrukt Garajov\u00e1. &#8220;Flexibiliteit is essentieel geworden &#8211; of het nu gaat om het vermogen om op afstand te werken, zich snel aan te passen aan verschillende taken of om te gaan met voortdurende veranderingen. Technologische vaardigheden zijn een absolute noodzaak nu digitalisering en automatisering alle sectoren doordringen.&#8221; <\/p>\n<\/blockquote>\n<p class=\"whitespace-pre-wrap break-words\">Garajov\u00e1 wijst ook op veranderingen in de verwachtingen van werknemers zelf, vooral onder de opkomende generatie Z, die nieuwe waarden naar de arbeidsmarkt brengt: <strong><em>&#8220;Jongere werknemers geven de voorkeur aan zinvol werk, flexibiliteit en balans tussen werk en priv\u00e9. Ze nemen geen genoegen met alleen een financi\u00eble beloning, ze zijn op zoek naar diepere betekenis en de mogelijkheid voor persoonlijke groei.&#8221;<\/em><\/strong><\/p>\n<p><img loading=\"lazy\" decoding=\"async\" class=\"alignnone wp-image-10864\" title=\"activa taak 01jt38bpr6fmv8zcx4zzvfkq51 1746013730 img 0\" src=\"https:\/\/www.maxins.com\/wp-content\/uploads\/2025\/04\/assets_task_01jt38bpr6fmv8zcx4zzvfkq51_1746013730_img_0-300x200.webp\" alt=\"activa taak 01jt38bpr6fmv8zcx4zzvfkq51 1746013730 img 0\" width=\"824\" height=\"549\" srcset=\"https:\/\/www.maxins.com\/wp-content\/uploads\/2025\/04\/assets_task_01jt38bpr6fmv8zcx4zzvfkq51_1746013730_img_0-300x200.webp 300w, https:\/\/www.maxins.com\/wp-content\/uploads\/2025\/04\/assets_task_01jt38bpr6fmv8zcx4zzvfkq51_1746013730_img_0-1024x683.webp 1024w, https:\/\/www.maxins.com\/wp-content\/uploads\/2025\/04\/assets_task_01jt38bpr6fmv8zcx4zzvfkq51_1746013730_img_0-768x512.webp 768w, https:\/\/www.maxins.com\/wp-content\/uploads\/2025\/04\/assets_task_01jt38bpr6fmv8zcx4zzvfkq51_1746013730_img_0-480x320.webp 480w, https:\/\/www.maxins.com\/wp-content\/uploads\/2025\/04\/assets_task_01jt38bpr6fmv8zcx4zzvfkq51_1746013730_img_0-992x661.webp 992w, https:\/\/www.maxins.com\/wp-content\/uploads\/2025\/04\/assets_task_01jt38bpr6fmv8zcx4zzvfkq51_1746013730_img_0-1200x800.webp 1200w, https:\/\/www.maxins.com\/wp-content\/uploads\/2025\/04\/assets_task_01jt38bpr6fmv8zcx4zzvfkq51_1746013730_img_0-272x182.webp 272w, https:\/\/www.maxins.com\/wp-content\/uploads\/2025\/04\/assets_task_01jt38bpr6fmv8zcx4zzvfkq51_1746013730_img_0.webp 1536w\" sizes=\"auto, (max-width: 824px) 100vw, 824px\" \/><\/p>\n<h2 class=\"text-xl font-bold text-text-100 mt-1 -mb-0.5\">Moderne voordelen als talentmagneet<\/h2>\n<p class=\"whitespace-pre-wrap break-words\">Bedrijven reageren op deze veranderingen door innovatieve voordelen aan te bieden die de nieuwe prioriteiten van werknemers weerspiegelen.<\/p>\n<blockquote>\n<p class=\"whitespace-pre-wrap break-words\"><em>&#8220;Flexibele werktijden, de mogelijkheid om thuis te werken of een vierdaagse werkweek maken steeds vaker deel uit van het aanbod,&#8221; zegt<\/em> <strong>zegt Garajov\u00e1.<\/strong> <em>&#8220;Er ligt ook een nadruk op het promoten van een gezonde levensstijl, wellnessprogramma&#8217;s of extra vrije tijd voor regeneratie. Programma&#8217;s voor mentale gezondheid en welzijn worden ook steeds waardevoller.&#8221;<\/em><\/p>\n<\/blockquote>\n<p class=\"whitespace-pre-wrap break-words\">Volgens Garajov\u00e1 zijn het vaak de secundaire arbeidsvoorwaarden die bepalen of een goede kandidaat voor een bepaald bedrijf kiest of de voorkeur geeft aan een concurrent. &#8220;In een concurrerende omgeving, waar bedrijven wedijveren om het beste talent aan te trekken, kunnen niet-traditionele voordelen de doorslag geven.&#8221; <\/p>\n<p><img loading=\"lazy\" decoding=\"async\" class=\"alignnone wp-image-10868\" title=\"activa taak 01jt38ez1ge7f83bd0n1jdn8qc 1746013843 img 1\" src=\"https:\/\/www.maxins.com\/wp-content\/uploads\/2025\/04\/assets_task_01jt38ez1ge7f83bd0n1jdn8qc_1746013843_img_1-300x200.webp\" alt=\"activa taak 01jt38ez1ge7f83bd0n1jdn8qc 1746013843 img 1\" width=\"830\" height=\"553\" srcset=\"https:\/\/www.maxins.com\/wp-content\/uploads\/2025\/04\/assets_task_01jt38ez1ge7f83bd0n1jdn8qc_1746013843_img_1-300x200.webp 300w, https:\/\/www.maxins.com\/wp-content\/uploads\/2025\/04\/assets_task_01jt38ez1ge7f83bd0n1jdn8qc_1746013843_img_1-1024x683.webp 1024w, https:\/\/www.maxins.com\/wp-content\/uploads\/2025\/04\/assets_task_01jt38ez1ge7f83bd0n1jdn8qc_1746013843_img_1-768x512.webp 768w, https:\/\/www.maxins.com\/wp-content\/uploads\/2025\/04\/assets_task_01jt38ez1ge7f83bd0n1jdn8qc_1746013843_img_1-480x320.webp 480w, https:\/\/www.maxins.com\/wp-content\/uploads\/2025\/04\/assets_task_01jt38ez1ge7f83bd0n1jdn8qc_1746013843_img_1-992x661.webp 992w, https:\/\/www.maxins.com\/wp-content\/uploads\/2025\/04\/assets_task_01jt38ez1ge7f83bd0n1jdn8qc_1746013843_img_1-1200x800.webp 1200w, https:\/\/www.maxins.com\/wp-content\/uploads\/2025\/04\/assets_task_01jt38ez1ge7f83bd0n1jdn8qc_1746013843_img_1-272x182.webp 272w, https:\/\/www.maxins.com\/wp-content\/uploads\/2025\/04\/assets_task_01jt38ez1ge7f83bd0n1jdn8qc_1746013843_img_1.webp 1536w\" sizes=\"auto, (max-width: 830px) 100vw, 830px\" \/><\/p>\n<h2 class=\"text-xl font-bold text-text-100 mt-1 -mb-0.5\">Diversiteit en inclusie: een noodzaak, niet alleen een trend<\/h2>\n<p class=\"whitespace-pre-wrap break-words\">In de context van het tekort aan geschoolde arbeidskrachten benadrukt Garajov\u00e1 de noodzaak van een bredere kijk op werving.<\/p>\n<blockquote>\n<p class=\"whitespace-pre-wrap break-words\">&#8220;Nu we geconfronteerd worden met een tekort aan arbeidskrachten, is het essentieel om onze horizon te verbreden en kansen te bieden aan mensen die in het verleden over het hoofd zijn gezien,&#8221; <strong>merkt de expert op.<\/strong> &#8220;Investeren in de ontwikkeling van vaardigheden voor kandidaten uit gemarginaliseerde groepen pakt niet alleen het huidige tekort aan arbeidskrachten aan, maar verrijkt onze teams ook met nieuwe perspectieven en ervaringen.&#8221;<\/p>\n<\/blockquote>\n<p class=\"whitespace-pre-wrap break-words\">Voor bedrijven die nog aarzelen om een meer divers personeelsbestand aan te nemen, zegt Garajov\u00e1: <strong><em>&#8220;Diversiteit is niet alleen een ethische kwestie, het brengt ook aantoonbare zakelijke voordelen met zich mee &#8211; van innovatievere oplossingen tot een beter begrip van diverse marktsegmenten.&#8221;<\/em><\/strong><\/p>\n<h2 class=\"text-xl font-bold text-text-100 mt-1 -mb-0.5\">De toekomst van de arbeidsmarkt: permanente educatie als sleutel tot succes<\/h2>\n<p class=\"whitespace-pre-wrap break-words\">Naarmate automatisering en AI voortschrijden, zal de arbeidsmarkt blijven veranderen in een tempo dat nog nooit eerder is vertoond. Het vermogen om je aan te passen aan deze veranderingen zal volgens Garaj van cruciaal belang zijn. <\/p>\n<blockquote>\n<p class=\"whitespace-pre-wrap break-words\">&#8220;Levenslang leren is niet langer slechts een uitdrukking, maar een noodzaak. Werknemers die relevant willen blijven, moeten hun vaardigheden voortdurend ontwikkelen en op de hoogte blijven van nieuwe technologie\u00ebn,&#8221; legt hij uit. &#8220;Bedrijven die een omgeving kunnen cre\u00ebren die innovatie, flexibiliteit en continu leren aanmoedigt, zullen een aanzienlijk concurrentievoordeel behalen.&#8221; <\/p>\n<\/blockquote>\n<p class=\"whitespace-pre-wrap break-words\">Garajov\u00e1 voorspelt ook dat er de komende jaren meer vraag zal zijn naar zogenaamde hybride functies, die een combinatie van technische expertise en menselijke creativiteit vereisen.   <strong><em>&#8220;Automatisering zal routinetaken overnemen, maar de menselijke factor zal onmisbaar blijven op gebieden die creativiteit, empathie en complexe besluitvorming vereisen.&#8221;<\/em><\/strong><\/p>\n<h2 class=\"text-xl font-bold text-text-100 mt-1 -mb-0.5\">Kernwaarden van het nieuwe werken<\/h2>\n<p><img loading=\"lazy\" decoding=\"async\" class=\"alignnone wp-image-10873\" title=\"activa taak 01jt39t2q5ee1vk9rz26c8jaeq 1746015256 img 0\" src=\"https:\/\/www.maxins.com\/wp-content\/uploads\/2025\/04\/assets_task_01jt39t2q5ee1vk9rz26c8jaeq_1746015256_img_0-300x200.webp\" alt=\"activa taak 01jt39t2q5ee1vk9rz26c8jaeq 1746015256 img 0\" width=\"830\" height=\"553\" srcset=\"https:\/\/www.maxins.com\/wp-content\/uploads\/2025\/04\/assets_task_01jt39t2q5ee1vk9rz26c8jaeq_1746015256_img_0-300x200.webp 300w, https:\/\/www.maxins.com\/wp-content\/uploads\/2025\/04\/assets_task_01jt39t2q5ee1vk9rz26c8jaeq_1746015256_img_0-1024x683.webp 1024w, https:\/\/www.maxins.com\/wp-content\/uploads\/2025\/04\/assets_task_01jt39t2q5ee1vk9rz26c8jaeq_1746015256_img_0-768x512.webp 768w, https:\/\/www.maxins.com\/wp-content\/uploads\/2025\/04\/assets_task_01jt39t2q5ee1vk9rz26c8jaeq_1746015256_img_0-480x320.webp 480w, https:\/\/www.maxins.com\/wp-content\/uploads\/2025\/04\/assets_task_01jt39t2q5ee1vk9rz26c8jaeq_1746015256_img_0-992x661.webp 992w, https:\/\/www.maxins.com\/wp-content\/uploads\/2025\/04\/assets_task_01jt39t2q5ee1vk9rz26c8jaeq_1746015256_img_0-1200x800.webp 1200w, https:\/\/www.maxins.com\/wp-content\/uploads\/2025\/04\/assets_task_01jt39t2q5ee1vk9rz26c8jaeq_1746015256_img_0-272x182.webp 272w, https:\/\/www.maxins.com\/wp-content\/uploads\/2025\/04\/assets_task_01jt39t2q5ee1vk9rz26c8jaeq_1746015256_img_0.webp 1536w\" sizes=\"auto, (max-width: 830px) 100vw, 830px\" \/><\/p>\n<p class=\"whitespace-pre-wrap break-words\">Tot slot benadrukt Garajov\u00e1 de fundamentele verschuiving in de verwachtingen van werkgevers: &#8220;Vroeger was stabiliteit de sleutel, maar tegenwoordig is het het vermogen om je snel aan te passen aan voortdurend veranderende marktomstandigheden. De meest waardevolle werknemer is niet degene die alles weet, maar degene die snel nieuwe dingen kan leren.&#8221;<\/p>\n<blockquote>\n<p class=\"whitespace-pre-wrap break-words\">Voor mensen die willen slagen op de huidige arbeidsmarkt heeft hij een duidelijk advies: <em>&#8220;Investeer in je opleiding, bouw een portfolio van diverse vaardigheden op en vergeet niet om emotionele intelligentie te ontwikkelen. De toekomst is aan degenen die technische kennis kunnen combineren met een menselijke benadering en een constant verlangen om iets nieuws te leren.&#8221;<\/em><\/p>\n<\/blockquote>\n<hr>\n<p class=\"whitespace-pre-wrap break-words\"><em>MAXIN&#8217;S Group is een toonaangevend Slowaaks wervingsbureau met 7 jaar ervaring op de arbeidsmarkt. Het is gespecialiseerd in het zoeken naar talent voor de IT-, financi\u00eble, productie- en zakelijke sectoren. <\/em><\/p>\n","protected":false},"excerpt":{"rendered":"<p>De wereld van werk heeft de afgelopen tien jaar een fundamentele transformatie ondergaan die niet alleen de manier waarop we werken aanzienlijk heeft veranderd, maar ook de verwachtingen die werkgevers van hun werknemers hebben. Katar\u00edna Garajov\u00e1, CEO van wervingsbureau MAXIN&#8217;S Group, vertelt over deze veranderingen en de huidige trends. <\/p>\n","protected":false},"author":7,"featured_media":13929,"comment_status":"closed","ping_status":"closed","sticky":false,"template":"","format":"standard","meta":{"_acf_changed":false,"footnotes":""},"categories":[100],"tags":[],"class_list":["post-13923","post","type-post","status-publish","format-standard","has-post-thumbnail","hentry","category-hr-nl"],"acf":[],"yoast_head":"<!-- This site is optimized with the Yoast SEO plugin v25.3.1 - https:\/\/yoast.com\/wordpress\/plugins\/seo\/ -->\n<title>Hoe veranderen de verwachtingen van werkgevers? Katar\u00edna Garajov\u00e1&#039;s visie op de arbeidsmarkt in 2025 - MAXIN\u2019S<\/title>\n<meta name=\"robots\" content=\"index, follow, max-snippet:-1, max-image-preview:large, max-video-preview:-1\" \/>\n<link rel=\"canonical\" href=\"https:\/\/www.maxins.com\/nl\/hoe-veranderen-de-verwachtingen-van-werkgevers-katarina-garajovas-visie-op-de-arbeidsmarkt-in-2025\/\" \/>\n<meta property=\"og:locale\" content=\"nl_NL\" \/>\n<meta property=\"og:type\" content=\"article\" \/>\n<meta property=\"og:title\" content=\"Hoe veranderen de verwachtingen van werkgevers? Katar\u00edna Garajov\u00e1&#039;s visie op de arbeidsmarkt in 2025 - MAXIN\u2019S\" \/>\n<meta property=\"og:description\" content=\"De wereld van werk heeft de afgelopen tien jaar een fundamentele transformatie ondergaan die niet alleen de manier waarop we werken aanzienlijk heeft veranderd, maar ook de verwachtingen die werkgevers van hun werknemers hebben. Katar\u00edna Garajov\u00e1, CEO van wervingsbureau MAXIN&#039;S Group, vertelt over deze veranderingen en de huidige trends.\" \/>\n<meta property=\"og:url\" content=\"https:\/\/www.maxins.com\/nl\/hoe-veranderen-de-verwachtingen-van-werkgevers-katarina-garajovas-visie-op-de-arbeidsmarkt-in-2025\/\" \/>\n<meta property=\"og:site_name\" content=\"MAXIN\u2019S\" \/>\n<meta property=\"article:published_time\" content=\"2025-04-30T12:19:15+00:00\" \/>\n<meta property=\"og:image\" content=\"https:\/\/www.maxins.com\/wp-content\/uploads\/2025\/04\/Katka-Garajova.png\" \/>\n\t<meta property=\"og:image:width\" content=\"1200\" \/>\n\t<meta property=\"og:image:height\" content=\"1138\" \/>\n\t<meta property=\"og:image:type\" content=\"image\/png\" \/>\n<meta name=\"author\" content=\"Viliam Dzuris\" \/>\n<meta name=\"twitter:card\" content=\"summary_large_image\" \/>\n<meta name=\"twitter:label1\" content=\"Geschreven door\" \/>\n\t<meta name=\"twitter:data1\" content=\"Viliam Dzuris\" \/>\n\t<meta name=\"twitter:label2\" content=\"Geschatte leestijd\" \/>\n\t<meta name=\"twitter:data2\" content=\"4 minuten\" \/>\n<script type=\"application\/ld+json\" class=\"yoast-schema-graph\">{\"@context\":\"https:\/\/schema.org\",\"@graph\":[{\"@type\":\"WebPage\",\"@id\":\"https:\/\/www.maxins.com\/nl\/hoe-veranderen-de-verwachtingen-van-werkgevers-katarina-garajovas-visie-op-de-arbeidsmarkt-in-2025\/\",\"url\":\"https:\/\/www.maxins.com\/nl\/hoe-veranderen-de-verwachtingen-van-werkgevers-katarina-garajovas-visie-op-de-arbeidsmarkt-in-2025\/\",\"name\":\"Hoe veranderen de verwachtingen van werkgevers? Katar\u00edna Garajov\u00e1's visie op de arbeidsmarkt in 2025 - MAXIN\u2019S\",\"isPartOf\":{\"@id\":\"https:\/\/www.maxins.com\/#website\"},\"primaryImageOfPage\":{\"@id\":\"https:\/\/www.maxins.com\/nl\/hoe-veranderen-de-verwachtingen-van-werkgevers-katarina-garajovas-visie-op-de-arbeidsmarkt-in-2025\/#primaryimage\"},\"image\":{\"@id\":\"https:\/\/www.maxins.com\/nl\/hoe-veranderen-de-verwachtingen-van-werkgevers-katarina-garajovas-visie-op-de-arbeidsmarkt-in-2025\/#primaryimage\"},\"thumbnailUrl\":\"https:\/\/www.maxins.com\/wp-content\/uploads\/2025\/04\/Katka-Garajova.png\",\"datePublished\":\"2025-04-30T12:19:15+00:00\",\"author\":{\"@id\":\"https:\/\/www.maxins.com\/#\/schema\/person\/e73645d16151a6cbcba96ba09af71a7e\"},\"breadcrumb\":{\"@id\":\"https:\/\/www.maxins.com\/nl\/hoe-veranderen-de-verwachtingen-van-werkgevers-katarina-garajovas-visie-op-de-arbeidsmarkt-in-2025\/#breadcrumb\"},\"inLanguage\":\"nl-NL\",\"potentialAction\":[{\"@type\":\"ReadAction\",\"target\":[\"https:\/\/www.maxins.com\/nl\/hoe-veranderen-de-verwachtingen-van-werkgevers-katarina-garajovas-visie-op-de-arbeidsmarkt-in-2025\/\"]}]},{\"@type\":\"ImageObject\",\"inLanguage\":\"nl-NL\",\"@id\":\"https:\/\/www.maxins.com\/nl\/hoe-veranderen-de-verwachtingen-van-werkgevers-katarina-garajovas-visie-op-de-arbeidsmarkt-in-2025\/#primaryimage\",\"url\":\"https:\/\/www.maxins.com\/wp-content\/uploads\/2025\/04\/Katka-Garajova.png\",\"contentUrl\":\"https:\/\/www.maxins.com\/wp-content\/uploads\/2025\/04\/Katka-Garajova.png\",\"width\":1200,\"height\":1138,\"caption\":\"Ako sa menia o\u010dak\u00e1vania zamestn\u00e1vate\u013eov? Poh\u013ead Katar\u00edny Garajovej na pracovn\u00fd trh v roku 2025\"},{\"@type\":\"BreadcrumbList\",\"@id\":\"https:\/\/www.maxins.com\/nl\/hoe-veranderen-de-verwachtingen-van-werkgevers-katarina-garajovas-visie-op-de-arbeidsmarkt-in-2025\/#breadcrumb\",\"itemListElement\":[{\"@type\":\"ListItem\",\"position\":1,\"name\":\"Domovsk\u00e1 str\u00e1nka\",\"item\":\"https:\/\/www.maxins.com\/nl\/\"},{\"@type\":\"ListItem\",\"position\":2,\"name\":\"Hoe veranderen de verwachtingen van werkgevers? Katar\u00edna Garajov\u00e1&#8217;s visie op de arbeidsmarkt in 2025\"}]},{\"@type\":\"WebSite\",\"@id\":\"https:\/\/www.maxins.com\/#website\",\"url\":\"https:\/\/www.maxins.com\/\",\"name\":\"MAXIN\u2019S\",\"description\":\"\",\"potentialAction\":[{\"@type\":\"SearchAction\",\"target\":{\"@type\":\"EntryPoint\",\"urlTemplate\":\"https:\/\/www.maxins.com\/?s={search_term_string}\"},\"query-input\":{\"@type\":\"PropertyValueSpecification\",\"valueRequired\":true,\"valueName\":\"search_term_string\"}}],\"inLanguage\":\"nl-NL\"},{\"@type\":\"Person\",\"@id\":\"https:\/\/www.maxins.com\/#\/schema\/person\/e73645d16151a6cbcba96ba09af71a7e\",\"name\":\"Viliam Dzuris\",\"image\":{\"@type\":\"ImageObject\",\"inLanguage\":\"nl-NL\",\"@id\":\"https:\/\/www.maxins.com\/#\/schema\/person\/image\/\",\"url\":\"https:\/\/secure.gravatar.com\/avatar\/29414707a595d9d941ddce6b30fc9499b73201a58080b10fc20d9b40b4a9b4ae?s=96&d=mm&r=g\",\"contentUrl\":\"https:\/\/secure.gravatar.com\/avatar\/29414707a595d9d941ddce6b30fc9499b73201a58080b10fc20d9b40b4a9b4ae?s=96&d=mm&r=g\",\"caption\":\"Viliam Dzuris\"},\"url\":\"https:\/\/www.maxins.com\/nl\/author\/viliam-dzuris\/\"}]}<\/script>\n<!-- \/ Yoast SEO plugin. -->","yoast_head_json":{"title":"Hoe veranderen de verwachtingen van werkgevers? Katar\u00edna Garajov\u00e1's visie op de arbeidsmarkt in 2025 - MAXIN\u2019S","robots":{"index":"index","follow":"follow","max-snippet":"max-snippet:-1","max-image-preview":"max-image-preview:large","max-video-preview":"max-video-preview:-1"},"canonical":"https:\/\/www.maxins.com\/nl\/hoe-veranderen-de-verwachtingen-van-werkgevers-katarina-garajovas-visie-op-de-arbeidsmarkt-in-2025\/","og_locale":"nl_NL","og_type":"article","og_title":"Hoe veranderen de verwachtingen van werkgevers? Katar\u00edna Garajov\u00e1's visie op de arbeidsmarkt in 2025 - MAXIN\u2019S","og_description":"De wereld van werk heeft de afgelopen tien jaar een fundamentele transformatie ondergaan die niet alleen de manier waarop we werken aanzienlijk heeft veranderd, maar ook de verwachtingen die werkgevers van hun werknemers hebben. Katar\u00edna Garajov\u00e1, CEO van wervingsbureau MAXIN'S Group, vertelt over deze veranderingen en de huidige trends.","og_url":"https:\/\/www.maxins.com\/nl\/hoe-veranderen-de-verwachtingen-van-werkgevers-katarina-garajovas-visie-op-de-arbeidsmarkt-in-2025\/","og_site_name":"MAXIN\u2019S","article_published_time":"2025-04-30T12:19:15+00:00","og_image":[{"width":1200,"height":1138,"url":"https:\/\/www.maxins.com\/wp-content\/uploads\/2025\/04\/Katka-Garajova.png","type":"image\/png"}],"author":"Viliam Dzuris","twitter_card":"summary_large_image","twitter_misc":{"Geschreven door":"Viliam Dzuris","Geschatte leestijd":"4 minuten"},"schema":{"@context":"https:\/\/schema.org","@graph":[{"@type":"WebPage","@id":"https:\/\/www.maxins.com\/nl\/hoe-veranderen-de-verwachtingen-van-werkgevers-katarina-garajovas-visie-op-de-arbeidsmarkt-in-2025\/","url":"https:\/\/www.maxins.com\/nl\/hoe-veranderen-de-verwachtingen-van-werkgevers-katarina-garajovas-visie-op-de-arbeidsmarkt-in-2025\/","name":"Hoe veranderen de verwachtingen van werkgevers? Katar\u00edna Garajov\u00e1's visie op de arbeidsmarkt in 2025 - MAXIN\u2019S","isPartOf":{"@id":"https:\/\/www.maxins.com\/#website"},"primaryImageOfPage":{"@id":"https:\/\/www.maxins.com\/nl\/hoe-veranderen-de-verwachtingen-van-werkgevers-katarina-garajovas-visie-op-de-arbeidsmarkt-in-2025\/#primaryimage"},"image":{"@id":"https:\/\/www.maxins.com\/nl\/hoe-veranderen-de-verwachtingen-van-werkgevers-katarina-garajovas-visie-op-de-arbeidsmarkt-in-2025\/#primaryimage"},"thumbnailUrl":"https:\/\/www.maxins.com\/wp-content\/uploads\/2025\/04\/Katka-Garajova.png","datePublished":"2025-04-30T12:19:15+00:00","author":{"@id":"https:\/\/www.maxins.com\/#\/schema\/person\/e73645d16151a6cbcba96ba09af71a7e"},"breadcrumb":{"@id":"https:\/\/www.maxins.com\/nl\/hoe-veranderen-de-verwachtingen-van-werkgevers-katarina-garajovas-visie-op-de-arbeidsmarkt-in-2025\/#breadcrumb"},"inLanguage":"nl-NL","potentialAction":[{"@type":"ReadAction","target":["https:\/\/www.maxins.com\/nl\/hoe-veranderen-de-verwachtingen-van-werkgevers-katarina-garajovas-visie-op-de-arbeidsmarkt-in-2025\/"]}]},{"@type":"ImageObject","inLanguage":"nl-NL","@id":"https:\/\/www.maxins.com\/nl\/hoe-veranderen-de-verwachtingen-van-werkgevers-katarina-garajovas-visie-op-de-arbeidsmarkt-in-2025\/#primaryimage","url":"https:\/\/www.maxins.com\/wp-content\/uploads\/2025\/04\/Katka-Garajova.png","contentUrl":"https:\/\/www.maxins.com\/wp-content\/uploads\/2025\/04\/Katka-Garajova.png","width":1200,"height":1138,"caption":"Ako sa menia o\u010dak\u00e1vania zamestn\u00e1vate\u013eov? Poh\u013ead Katar\u00edny Garajovej na pracovn\u00fd trh v roku 2025"},{"@type":"BreadcrumbList","@id":"https:\/\/www.maxins.com\/nl\/hoe-veranderen-de-verwachtingen-van-werkgevers-katarina-garajovas-visie-op-de-arbeidsmarkt-in-2025\/#breadcrumb","itemListElement":[{"@type":"ListItem","position":1,"name":"Domovsk\u00e1 str\u00e1nka","item":"https:\/\/www.maxins.com\/nl\/"},{"@type":"ListItem","position":2,"name":"Hoe veranderen de verwachtingen van werkgevers? Katar\u00edna Garajov\u00e1&#8217;s visie op de arbeidsmarkt in 2025"}]},{"@type":"WebSite","@id":"https:\/\/www.maxins.com\/#website","url":"https:\/\/www.maxins.com\/","name":"MAXIN\u2019S","description":"","potentialAction":[{"@type":"SearchAction","target":{"@type":"EntryPoint","urlTemplate":"https:\/\/www.maxins.com\/?s={search_term_string}"},"query-input":{"@type":"PropertyValueSpecification","valueRequired":true,"valueName":"search_term_string"}}],"inLanguage":"nl-NL"},{"@type":"Person","@id":"https:\/\/www.maxins.com\/#\/schema\/person\/e73645d16151a6cbcba96ba09af71a7e","name":"Viliam Dzuris","image":{"@type":"ImageObject","inLanguage":"nl-NL","@id":"https:\/\/www.maxins.com\/#\/schema\/person\/image\/","url":"https:\/\/secure.gravatar.com\/avatar\/29414707a595d9d941ddce6b30fc9499b73201a58080b10fc20d9b40b4a9b4ae?s=96&d=mm&r=g","contentUrl":"https:\/\/secure.gravatar.com\/avatar\/29414707a595d9d941ddce6b30fc9499b73201a58080b10fc20d9b40b4a9b4ae?s=96&d=mm&r=g","caption":"Viliam Dzuris"},"url":"https:\/\/www.maxins.com\/nl\/author\/viliam-dzuris\/"}]}},"_links":{"self":[{"href":"https:\/\/www.maxins.com\/nl\/wp-json\/wp\/v2\/posts\/13923","targetHints":{"allow":["GET"]}}],"collection":[{"href":"https:\/\/www.maxins.com\/nl\/wp-json\/wp\/v2\/posts"}],"about":[{"href":"https:\/\/www.maxins.com\/nl\/wp-json\/wp\/v2\/types\/post"}],"author":[{"embeddable":true,"href":"https:\/\/www.maxins.com\/nl\/wp-json\/wp\/v2\/users\/7"}],"replies":[{"embeddable":true,"href":"https:\/\/www.maxins.com\/nl\/wp-json\/wp\/v2\/comments?post=13923"}],"version-history":[{"count":0,"href":"https:\/\/www.maxins.com\/nl\/wp-json\/wp\/v2\/posts\/13923\/revisions"}],"wp:featuredmedia":[{"embeddable":true,"href":"https:\/\/www.maxins.com\/nl\/wp-json\/wp\/v2\/media\/13929"}],"wp:attachment":[{"href":"https:\/\/www.maxins.com\/nl\/wp-json\/wp\/v2\/media?parent=13923"}],"wp:term":[{"taxonomy":"category","embeddable":true,"href":"https:\/\/www.maxins.com\/nl\/wp-json\/wp\/v2\/categories?post=13923"},{"taxonomy":"post_tag","embeddable":true,"href":"https:\/\/www.maxins.com\/nl\/wp-json\/wp\/v2\/tags?post=13923"}],"curies":[{"name":"wp","href":"https:\/\/api.w.org\/{rel}","templated":true}]}}