{"id":13947,"date":"2025-06-12T13:14:10","date_gmt":"2025-06-12T13:14:10","guid":{"rendered":"https:\/\/www.maxins.com\/de-zilveren-kogel-van-de-arbeidsmarkt-klaar-om-te-werken-maar-vaak-afgewezen\/"},"modified":"2025-06-12T13:14:10","modified_gmt":"2025-06-12T13:14:10","slug":"de-zilveren-kogel-van-de-arbeidsmarkt-klaar-om-te-werken-maar-vaak-afgewezen","status":"publish","type":"post","link":"https:\/\/www.maxins.com\/nl\/de-zilveren-kogel-van-de-arbeidsmarkt-klaar-om-te-werken-maar-vaak-afgewezen\/","title":{"rendered":"De zilveren kogel van de arbeidsmarkt: klaar om te werken maar vaak afgewezen"},"content":{"rendered":"<p><strong>Er is een groep die opgroeit op de arbeidsmarkt die weliswaar zeer ervaren, loyaal en gemotiveerd is, maar die te maken krijgt met veel vooroordelen. Vijftigplussers worden vaak stilzwijgend afgewezen &#8211; niet vanwege een gebrek aan capaciteiten, maar vanwege hun leeftijd. Het is tijd om hun ogen te openen en hun waarde in het volle licht te zien.  <\/strong><\/p>\n<p>De Slowaakse arbeidsmarkt is geleidelijk aan het veranderen, maar sommige stereotypen hebben langer standgehouden dan zou moeten. De 50+ beroepsbevolking is vandaag de dag in veel gevallen een onbenut potentieel, ondanks het feit dat deze groep werkgevers precies biedt wat ze zoeken: stabiliteit, ervaring en loyaliteit. <\/p>\n<p>Hoewel bedrijven niet openlijk jongere kandidaten eisen en leeftijd niet als voorwaarde wordt genoemd in advertenties, wijst de realiteit van selectieprocedures op stilzwijgende discriminatie. Veel kandidaten boven de 50 voelen zich niet welkom, niet alleen vanwege hun leeftijd, maar ook omdat werkgevers zich zorgen maken over hun aanpassing aan nieuwe technologie\u00ebn of generatieverschillen in het team. <\/p>\n<blockquote><p><strong><em>&#8220;Het doel van elke werkgever is om een werknemer te krijgen met voldoende kwalificaties, werkervaring en ervaring, en dit is precies wat vijftigplussers te bieden hebben&#8221;<\/em><\/strong>, zegt Anna Broz\u00e1k, HR-directeur van het wervingsbureau MAXIN\u00b4S Group.<\/p><\/blockquote>\n<p>Desondanks komt ze zorgen tegen van sollicitanten die op vacatures reageren met de vraag of ze \u00fcberhaupt een kans hebben, of dat het een functie is &#8220;alleen voor jongeren&#8221;.<\/p>\n<h2>Vooroordelen als obstakel<\/h2>\n<p>Achter de afwijzing van 50+ kandidaten gaan vaak idee\u00ebn schuil die niets met de werkelijkheid te maken hebben. De meest voorkomende stereotypen zijn een verondersteld onvermogen om zich aan te passen aan technologie, zwakkere vaardigheden in vreemde talen, minder flexibiliteit of angst voor gezondheidsproblemen en naderend pensioen. <\/p>\n<blockquote><p><strong><em>&#8220;We komen elke dag allerlei vooroordelen tegen. Van angst om ons aan te passen aan nieuwe technologie\u00ebn tot twijfels over ons vermogen om jongere bazen te respecteren,&#8221; <\/em>  k<\/strong>zegt Anna Broz\u00e1k. Vooral vrouwen van in de vijftig hebben het nog moeilijker. Ze verliezen vaak de continu\u00efteit van hun werk door lang ouderschapsverlof of door gezondheidscomplicaties in het gezin. Dit zijn geen ge\u00efsoleerde gevallen.     <strong><em>&#8220;Een dame die op haar 44e is bevallen, thuis is gebleven met een gehandicapt kind en nu 50+ is, is al twee jaar tevergeefs op zoek naar een baan. Ze wordt genegeerd, ook al heeft ze veel te bieden.&#8221; <\/em><\/strong>  voegt Anna Broz\u00e1k toe.<\/p><\/blockquote>\n<h2>Onzichtbare discriminatie<\/h2>\n<p>Hoewel leeftijd vaak niet direct op het cv wordt vermeld, kunnen recruiters dit gemakkelijk raden op basis van schoolverlaten of eerdere werkervaring. Daarom laten veel sollicitanten bepaalde details tactvol weg. <\/p>\n<blockquote><p><strong><em>&#8220;Vooral het gebrek aan feedback na het sturen van een cv met foto of geboortejaar beschouwen ze als discriminatie. Ze zijn ook bang om hun opleidingsachtergrond aan te geven omdat ze bang zijn dat dit hun kansen zal verkleinen.&#8221; <\/em><\/strong>  zegt de HR-directeur van het wervingsbureau van MAXIN\u00b4S Group.<\/p><\/blockquote>\n<h2>Waar heeft de 50+ generatie de beste kans?<\/h2>\n<p>Ondanks de uitdagingen zijn er functies waar kandidaten van 50+ het erg goed doen, vooral in gebieden waar een tekort aan vakmensen is. Dit zijn voornamelijk ambachtelijke en technische beroepen (bijv. onderhoudswerkers, elektriciens, monteurs), gespecialiseerde functies zoals boekhouders, technologen, projectmanagers of supervisors. In het geval van vrouwen zijn dit meestal administratieve banen. Tegelijkertijd voelen sommige oudere sollicitanten zich niet prettig bij zittend werk en richten ze zich op productiebanen waarin ze actief kunnen zijn.   <\/p>\n<h2>Een waarde die je niet over het hoofd mag zien<\/h2>\n<p>Het verschil tussen jongere sollicitanten en 50-plussers zit vaak vooral in hun kijk op werk. De oudere generatie is niet op zoek naar snelle carri\u00e8regroei, maar naar stabiliteit en betekenis. Ze zijn minder impulsief, evenwichtiger en nemen in veel gevallen zelf het initiatief om dichter bij het jongere team te komen. <strong><em>&#8220;Ze leren zichzelf bij, ze lezen boeken, ze proberen de generatie waarmee ze werken te begrijpen, vaak ten koste van hun eigen vrije tijd,&#8221; zegt de expert.<\/em><\/strong> zegt de expert.  <\/p>\n<h2>Onderwijs en vertrouwen zijn de sleutel<\/h2>\n<p>Als Slowakije het potentieel van de 50+ beroepsbevolking beter wil benutten, moeten alle belanghebbenden anders te werk gaan.<\/p>\n<blockquote><p><em><strong>&#8220;De staat moet omscholing en digitaal onderwijs voor 45-plussers ondersteunen, zodat ze klaar zijn voor de huidige eisen op het gebied van werk,&#8221; roept Anna Broz\u00e1k op.<\/strong> <\/em>roept Anna Broz\u00e1k op. Werkgevers moeten zich ontdoen van vooroordelen en zich richten op de bijdrage die oudere werknemers leveren, en kandidaten zelf moeten weer een gezond zelfvertrouwen krijgen. <em><strong>&#8220;50+ is een tijd waarin ze in staat zijn om bij te blijven en het beste van zichzelf te bieden &#8211; empathie, ervaring en expertise,&#8221; besluit Anna Broz\u00e1k van Broz\u00e1k.<\/strong><\/em> besluit Anna Broz\u00e1k van MAXIN&#8217;S Group. <\/p><\/blockquote>\n","protected":false},"excerpt":{"rendered":"<p>Ervaren, loyaal, gemotiveerd &#8211; maar vaak afgewezen. 50-plussers worden stilzwijgend gediscrimineerd op de arbeidsmarkt, zelfs als ze precies bieden wat bedrijven zoeken. <\/p>\n","protected":false},"author":5,"featured_media":13948,"comment_status":"closed","ping_status":"closed","sticky":false,"template":"","format":"standard","meta":{"_acf_changed":false,"footnotes":""},"categories":[100],"tags":[],"class_list":["post-13947","post","type-post","status-publish","format-standard","has-post-thumbnail","hentry","category-hr-nl"],"acf":[],"yoast_head":"<!-- This site is optimized with the Yoast SEO plugin v25.3.1 - https:\/\/yoast.com\/wordpress\/plugins\/seo\/ -->\n<title>De zilveren kogel van de arbeidsmarkt: klaar om te werken maar vaak afgewezen - MAXIN\u2019S<\/title>\n<meta name=\"robots\" content=\"index, follow, max-snippet:-1, max-image-preview:large, max-video-preview:-1\" \/>\n<link rel=\"canonical\" href=\"https:\/\/www.maxins.com\/nl\/de-zilveren-kogel-van-de-arbeidsmarkt-klaar-om-te-werken-maar-vaak-afgewezen\/\" \/>\n<meta property=\"og:locale\" content=\"nl_NL\" \/>\n<meta property=\"og:type\" content=\"article\" \/>\n<meta property=\"og:title\" content=\"De zilveren kogel van de arbeidsmarkt: klaar om te werken maar vaak afgewezen\" \/>\n<meta property=\"og:description\" content=\"Vijftigplussers worden vaak stilzwijgend afgewezen - niet vanwege hun gebrek aan capaciteiten, maar vanwege hun leeftijd. Het is tijd om hun ogen te openen en hun waarde in het volle licht te zien.\" \/>\n<meta property=\"og:url\" content=\"https:\/\/www.maxins.com\/nl\/de-zilveren-kogel-van-de-arbeidsmarkt-klaar-om-te-werken-maar-vaak-afgewezen\/\" \/>\n<meta property=\"og:site_name\" content=\"MAXIN\u2019S\" \/>\n<meta property=\"article:published_time\" content=\"2025-06-12T13:14:10+00:00\" \/>\n<meta property=\"og:image\" content=\"https:\/\/www.maxins.com\/wp-content\/uploads\/2025\/06\/Strieborna-sila-pracovneho-trhu_-Pripraveni-pracovat-no-casto-odmietani-1024x538.png\" \/>\n<meta name=\"author\" content=\"Anna Broz\u00e1k\" \/>\n<meta name=\"twitter:card\" content=\"summary_large_image\" \/>\n<meta name=\"twitter:label1\" content=\"Geschreven door\" \/>\n\t<meta name=\"twitter:data1\" content=\"Anna Broz\u00e1k\" \/>\n\t<meta name=\"twitter:label2\" content=\"Geschatte leestijd\" \/>\n\t<meta name=\"twitter:data2\" content=\"4 minuten\" \/>\n<script type=\"application\/ld+json\" class=\"yoast-schema-graph\">{\"@context\":\"https:\/\/schema.org\",\"@graph\":[{\"@type\":\"WebPage\",\"@id\":\"https:\/\/www.maxins.com\/nl\/de-zilveren-kogel-van-de-arbeidsmarkt-klaar-om-te-werken-maar-vaak-afgewezen\/\",\"url\":\"https:\/\/www.maxins.com\/nl\/de-zilveren-kogel-van-de-arbeidsmarkt-klaar-om-te-werken-maar-vaak-afgewezen\/\",\"name\":\"De zilveren kogel van de arbeidsmarkt: klaar om te werken maar vaak afgewezen - MAXIN\u2019S\",\"isPartOf\":{\"@id\":\"https:\/\/www.maxins.com\/#website\"},\"primaryImageOfPage\":{\"@id\":\"https:\/\/www.maxins.com\/nl\/de-zilveren-kogel-van-de-arbeidsmarkt-klaar-om-te-werken-maar-vaak-afgewezen\/#primaryimage\"},\"image\":{\"@id\":\"https:\/\/www.maxins.com\/nl\/de-zilveren-kogel-van-de-arbeidsmarkt-klaar-om-te-werken-maar-vaak-afgewezen\/#primaryimage\"},\"thumbnailUrl\":\"https:\/\/www.maxins.com\/wp-content\/uploads\/2025\/06\/senior-worker.jpg\",\"datePublished\":\"2025-06-12T13:14:10+00:00\",\"author\":{\"@id\":\"https:\/\/www.maxins.com\/#\/schema\/person\/cf4693a0837a638d87a9a9da747d24f2\"},\"breadcrumb\":{\"@id\":\"https:\/\/www.maxins.com\/nl\/de-zilveren-kogel-van-de-arbeidsmarkt-klaar-om-te-werken-maar-vaak-afgewezen\/#breadcrumb\"},\"inLanguage\":\"nl-NL\",\"potentialAction\":[{\"@type\":\"ReadAction\",\"target\":[\"https:\/\/www.maxins.com\/nl\/de-zilveren-kogel-van-de-arbeidsmarkt-klaar-om-te-werken-maar-vaak-afgewezen\/\"]}]},{\"@type\":\"ImageObject\",\"inLanguage\":\"nl-NL\",\"@id\":\"https:\/\/www.maxins.com\/nl\/de-zilveren-kogel-van-de-arbeidsmarkt-klaar-om-te-werken-maar-vaak-afgewezen\/#primaryimage\",\"url\":\"https:\/\/www.maxins.com\/wp-content\/uploads\/2025\/06\/senior-worker.jpg\",\"contentUrl\":\"https:\/\/www.maxins.com\/wp-content\/uploads\/2025\/06\/senior-worker.jpg\",\"width\":2000,\"height\":1333,\"caption\":\"Strieborn\u00e1 sila pracovn\u00e9ho trhu: Pripraven\u00ed pracova\u0165, no \u010dasto odmietan\u00ed\"},{\"@type\":\"BreadcrumbList\",\"@id\":\"https:\/\/www.maxins.com\/nl\/de-zilveren-kogel-van-de-arbeidsmarkt-klaar-om-te-werken-maar-vaak-afgewezen\/#breadcrumb\",\"itemListElement\":[{\"@type\":\"ListItem\",\"position\":1,\"name\":\"Domovsk\u00e1 str\u00e1nka\",\"item\":\"https:\/\/www.maxins.com\/nl\/\"},{\"@type\":\"ListItem\",\"position\":2,\"name\":\"De zilveren kogel van de arbeidsmarkt: klaar om te werken maar vaak afgewezen\"}]},{\"@type\":\"WebSite\",\"@id\":\"https:\/\/www.maxins.com\/#website\",\"url\":\"https:\/\/www.maxins.com\/\",\"name\":\"MAXIN\u2019S\",\"description\":\"\",\"potentialAction\":[{\"@type\":\"SearchAction\",\"target\":{\"@type\":\"EntryPoint\",\"urlTemplate\":\"https:\/\/www.maxins.com\/?s={search_term_string}\"},\"query-input\":{\"@type\":\"PropertyValueSpecification\",\"valueRequired\":true,\"valueName\":\"search_term_string\"}}],\"inLanguage\":\"nl-NL\"},{\"@type\":\"Person\",\"@id\":\"https:\/\/www.maxins.com\/#\/schema\/person\/cf4693a0837a638d87a9a9da747d24f2\",\"name\":\"Anna Broz\u00e1k\",\"image\":{\"@type\":\"ImageObject\",\"inLanguage\":\"nl-NL\",\"@id\":\"https:\/\/www.maxins.com\/#\/schema\/person\/image\/\",\"url\":\"https:\/\/secure.gravatar.com\/avatar\/945c123c5e16b472ed225523491150544f122c650268f1514deb2cff35f3d67b?s=96&d=mm&r=g\",\"contentUrl\":\"https:\/\/secure.gravatar.com\/avatar\/945c123c5e16b472ed225523491150544f122c650268f1514deb2cff35f3d67b?s=96&d=mm&r=g\",\"caption\":\"Anna Broz\u00e1k\"},\"url\":\"https:\/\/www.maxins.com\/nl\/author\/anna-brozak\/\"}]}<\/script>\n<!-- \/ Yoast SEO plugin. -->","yoast_head_json":{"title":"De zilveren kogel van de arbeidsmarkt: klaar om te werken maar vaak afgewezen - MAXIN\u2019S","robots":{"index":"index","follow":"follow","max-snippet":"max-snippet:-1","max-image-preview":"max-image-preview:large","max-video-preview":"max-video-preview:-1"},"canonical":"https:\/\/www.maxins.com\/nl\/de-zilveren-kogel-van-de-arbeidsmarkt-klaar-om-te-werken-maar-vaak-afgewezen\/","og_locale":"nl_NL","og_type":"article","og_title":"De zilveren kogel van de arbeidsmarkt: klaar om te werken maar vaak afgewezen","og_description":"Vijftigplussers worden vaak stilzwijgend afgewezen - niet vanwege hun gebrek aan capaciteiten, maar vanwege hun leeftijd. Het is tijd om hun ogen te openen en hun waarde in het volle licht te zien.","og_url":"https:\/\/www.maxins.com\/nl\/de-zilveren-kogel-van-de-arbeidsmarkt-klaar-om-te-werken-maar-vaak-afgewezen\/","og_site_name":"MAXIN\u2019S","article_published_time":"2025-06-12T13:14:10+00:00","og_image":[{"url":"https:\/\/www.maxins.com\/wp-content\/uploads\/2025\/06\/Strieborna-sila-pracovneho-trhu_-Pripraveni-pracovat-no-casto-odmietani-1024x538.png","type":"","width":"","height":""}],"author":"Anna Broz\u00e1k","twitter_card":"summary_large_image","twitter_misc":{"Geschreven door":"Anna Broz\u00e1k","Geschatte leestijd":"4 minuten"},"schema":{"@context":"https:\/\/schema.org","@graph":[{"@type":"WebPage","@id":"https:\/\/www.maxins.com\/nl\/de-zilveren-kogel-van-de-arbeidsmarkt-klaar-om-te-werken-maar-vaak-afgewezen\/","url":"https:\/\/www.maxins.com\/nl\/de-zilveren-kogel-van-de-arbeidsmarkt-klaar-om-te-werken-maar-vaak-afgewezen\/","name":"De zilveren kogel van de arbeidsmarkt: klaar om te werken maar vaak afgewezen - MAXIN\u2019S","isPartOf":{"@id":"https:\/\/www.maxins.com\/#website"},"primaryImageOfPage":{"@id":"https:\/\/www.maxins.com\/nl\/de-zilveren-kogel-van-de-arbeidsmarkt-klaar-om-te-werken-maar-vaak-afgewezen\/#primaryimage"},"image":{"@id":"https:\/\/www.maxins.com\/nl\/de-zilveren-kogel-van-de-arbeidsmarkt-klaar-om-te-werken-maar-vaak-afgewezen\/#primaryimage"},"thumbnailUrl":"https:\/\/www.maxins.com\/wp-content\/uploads\/2025\/06\/senior-worker.jpg","datePublished":"2025-06-12T13:14:10+00:00","author":{"@id":"https:\/\/www.maxins.com\/#\/schema\/person\/cf4693a0837a638d87a9a9da747d24f2"},"breadcrumb":{"@id":"https:\/\/www.maxins.com\/nl\/de-zilveren-kogel-van-de-arbeidsmarkt-klaar-om-te-werken-maar-vaak-afgewezen\/#breadcrumb"},"inLanguage":"nl-NL","potentialAction":[{"@type":"ReadAction","target":["https:\/\/www.maxins.com\/nl\/de-zilveren-kogel-van-de-arbeidsmarkt-klaar-om-te-werken-maar-vaak-afgewezen\/"]}]},{"@type":"ImageObject","inLanguage":"nl-NL","@id":"https:\/\/www.maxins.com\/nl\/de-zilveren-kogel-van-de-arbeidsmarkt-klaar-om-te-werken-maar-vaak-afgewezen\/#primaryimage","url":"https:\/\/www.maxins.com\/wp-content\/uploads\/2025\/06\/senior-worker.jpg","contentUrl":"https:\/\/www.maxins.com\/wp-content\/uploads\/2025\/06\/senior-worker.jpg","width":2000,"height":1333,"caption":"Strieborn\u00e1 sila pracovn\u00e9ho trhu: Pripraven\u00ed pracova\u0165, no \u010dasto odmietan\u00ed"},{"@type":"BreadcrumbList","@id":"https:\/\/www.maxins.com\/nl\/de-zilveren-kogel-van-de-arbeidsmarkt-klaar-om-te-werken-maar-vaak-afgewezen\/#breadcrumb","itemListElement":[{"@type":"ListItem","position":1,"name":"Domovsk\u00e1 str\u00e1nka","item":"https:\/\/www.maxins.com\/nl\/"},{"@type":"ListItem","position":2,"name":"De zilveren kogel van de arbeidsmarkt: klaar om te werken maar vaak afgewezen"}]},{"@type":"WebSite","@id":"https:\/\/www.maxins.com\/#website","url":"https:\/\/www.maxins.com\/","name":"MAXIN\u2019S","description":"","potentialAction":[{"@type":"SearchAction","target":{"@type":"EntryPoint","urlTemplate":"https:\/\/www.maxins.com\/?s={search_term_string}"},"query-input":{"@type":"PropertyValueSpecification","valueRequired":true,"valueName":"search_term_string"}}],"inLanguage":"nl-NL"},{"@type":"Person","@id":"https:\/\/www.maxins.com\/#\/schema\/person\/cf4693a0837a638d87a9a9da747d24f2","name":"Anna Broz\u00e1k","image":{"@type":"ImageObject","inLanguage":"nl-NL","@id":"https:\/\/www.maxins.com\/#\/schema\/person\/image\/","url":"https:\/\/secure.gravatar.com\/avatar\/945c123c5e16b472ed225523491150544f122c650268f1514deb2cff35f3d67b?s=96&d=mm&r=g","contentUrl":"https:\/\/secure.gravatar.com\/avatar\/945c123c5e16b472ed225523491150544f122c650268f1514deb2cff35f3d67b?s=96&d=mm&r=g","caption":"Anna Broz\u00e1k"},"url":"https:\/\/www.maxins.com\/nl\/author\/anna-brozak\/"}]}},"_links":{"self":[{"href":"https:\/\/www.maxins.com\/nl\/wp-json\/wp\/v2\/posts\/13947","targetHints":{"allow":["GET"]}}],"collection":[{"href":"https:\/\/www.maxins.com\/nl\/wp-json\/wp\/v2\/posts"}],"about":[{"href":"https:\/\/www.maxins.com\/nl\/wp-json\/wp\/v2\/types\/post"}],"author":[{"embeddable":true,"href":"https:\/\/www.maxins.com\/nl\/wp-json\/wp\/v2\/users\/5"}],"replies":[{"embeddable":true,"href":"https:\/\/www.maxins.com\/nl\/wp-json\/wp\/v2\/comments?post=13947"}],"version-history":[{"count":0,"href":"https:\/\/www.maxins.com\/nl\/wp-json\/wp\/v2\/posts\/13947\/revisions"}],"wp:featuredmedia":[{"embeddable":true,"href":"https:\/\/www.maxins.com\/nl\/wp-json\/wp\/v2\/media\/13948"}],"wp:attachment":[{"href":"https:\/\/www.maxins.com\/nl\/wp-json\/wp\/v2\/media?parent=13947"}],"wp:term":[{"taxonomy":"category","embeddable":true,"href":"https:\/\/www.maxins.com\/nl\/wp-json\/wp\/v2\/categories?post=13947"},{"taxonomy":"post_tag","embeddable":true,"href":"https:\/\/www.maxins.com\/nl\/wp-json\/wp\/v2\/tags?post=13947"}],"curies":[{"name":"wp","href":"https:\/\/api.w.org\/{rel}","templated":true}]}}